{"id":14013,"date":"2022-12-20T05:00:00","date_gmt":"2022-12-20T10:00:00","guid":{"rendered":"https:\/\/www.aiacanada.com\/?post_type=news&#038;p=14013"},"modified":"2023-01-06T15:51:40","modified_gmt":"2023-01-06T20:51:40","slug":"lhiver-empeche-t-il-de-faire-des-reparations","status":"publish","type":"news","link":"https:\/\/www.aiacanada.com\/fr\/nouvelles\/lhiver-empeche-t-il-de-faire-des-reparations\/","title":{"rendered":"L\u2019hiver emp\u00eache-t-il de faire des r\u00e9parations?"},"content":{"rendered":"\n<p>On constate un summum de collisions en novembre et en d\u00e9cembre au Canada, notamment en raison des nuits plus longues et des conditions routi\u00e8res pr\u00e9caires. M\u00eame nos hivers sont b\u00e9n\u00e9fiques pour les ateliers de r\u00e9paration de carrosserie du pays, ils nous emp\u00eachent d\u2019entreprendre certains processus.&nbsp;&nbsp;&nbsp;<\/p>\n\n\n\n<p>En effet, le syst\u00e8me d\u2019aide \u00e0 la conduite d\u2019un v\u00e9hicule pourrait n\u00e9cessiter une calibration dans le cadre du processus de r\u00e9paration et, m\u00eame si bon nombre de calibrations peuvent \u00eatre effectu\u00e9es sur place lorsque le v\u00e9hicule est immobile (calibrations statiques), d\u2019autres doivent se faire sur route.&nbsp;&nbsp;<\/p>\n\n\n\n<p>Les calibrations dynamiques se font dans des conditions m\u00e9t\u00e9orologiques et routi\u00e8res particuli\u00e8res, et c\u2019est l\u00e0 que l\u2019hiver devient un probl\u00e8me. La neige et la glace peuvent bloquer les d\u00e9tecteurs du syst\u00e8me d\u2019aide \u00e0 la conduite et les conditions routi\u00e8res, masquer les cam\u00e9ras et les capteurs de trac\u00e9s de voie. Les reflets du soleil sur la glace et la neige peuvent m\u00eame aveugler la cam\u00e9ra.&nbsp;&nbsp;<\/p>\n\n\n\n<p>Consultez le r\u00f4le platine pour les techniciens ADAS d\u2019<a href=\"https:\/\/www.i-car.ca\/\" target=\"_blank\" rel=\"noopener\" title=\"\"><strong>I-CAR Canada<\/strong><\/a> et la formation n\u00e9cessaire pour demeurer \u00e0 l\u2019aff\u00fbt de cette sp\u00e9cialit\u00e9.<\/p>\n","protected":false},"featured_media":4393,"parent":0,"menu_order":0,"template":"","format":"standard","news-category":[90,92],"news-backend-category":[],"class_list":["post-14013","news","type-news","status-publish","format-standard","has-post-thumbnail","hentry","news-category-carrosserie","news-category-nouvelles"],"acf":[],"aioseo_notices":[],"wpml_current_locale":"fr_CA","wpml_translations":[],"_links":{"self":[{"href":"https:\/\/www.aiacanada.com\/fr\/wp-json\/wp\/v2\/news\/14013","targetHints":{"allow":["GET"]}}],"collection":[{"href":"https:\/\/www.aiacanada.com\/fr\/wp-json\/wp\/v2\/news"}],"about":[{"href":"https:\/\/www.aiacanada.com\/fr\/wp-json\/wp\/v2\/types\/news"}],"wp:featuredmedia":[{"embeddable":true,"href":"https:\/\/www.aiacanada.com\/fr\/wp-json\/wp\/v2\/media\/4393"}],"wp:attachment":[{"href":"https:\/\/www.aiacanada.com\/fr\/wp-json\/wp\/v2\/media?parent=14013"}],"wp:term":[{"taxonomy":"news-category","embeddable":true,"href":"https:\/\/www.aiacanada.com\/fr\/wp-json\/wp\/v2\/news-category?post=14013"},{"taxonomy":"news-backend-category","embeddable":true,"href":"https:\/\/www.aiacanada.com\/fr\/wp-json\/wp\/v2\/news-backend-category?post=14013"}],"curies":[{"name":"wp","href":"https:\/\/api.w.org\/{rel}","templated":true}]}}