{"id":16001,"date":"2023-06-05T07:41:51","date_gmt":"2023-06-05T11:41:51","guid":{"rendered":"https:\/\/www.aiacanada.com\/?post_type=news&#038;p=16001"},"modified":"2023-06-05T07:41:13","modified_gmt":"2023-06-05T11:41:13","slug":"une-premiere-au-canada-quebec-depose-une-legislation-provinciale-sur-le-droit-a-la-reparation","status":"publish","type":"news","link":"https:\/\/www.aiacanada.com\/fr\/nouvelles\/une-premiere-au-canada-quebec-depose-une-legislation-provinciale-sur-le-droit-a-la-reparation\/","title":{"rendered":"Une premi\u00e8re au Canada \u2013 Qu\u00e9bec d\u00e9pose une l\u00e9gislation provinciale sur le droit \u00e0 la r\u00e9paration"},"content":{"rendered":"\n<p>Le 1<sup>er<\/sup>\u00a0juin 2023, le gouvernement du Qu\u00e9bec a d\u00e9pos\u00e9 un exhaustif <a href=\"https:\/\/www.aiacanada.com\/fr\/nouvelles\/avec-le-projet-de-loi-29-le-quebec-en-route-pour-devenir-un-leader-en-matiere-de-droit-a-la-reparation-automobile\/\" target=\"_blank\" rel=\"noopener\" title=\"\">projet de loi sur le droit \u00e0 la r\u00e9paration<\/a>, une premi\u00e8re \u00e9tape pour prot\u00e9ger le choix des consommateurs dans la province.<\/p>\n\n\n\n<p>Entre autres mesures, le projet de loi&nbsp;29 prot\u00e9gera les propri\u00e9taires de v\u00e9hicules en leur donnant la possibilit\u00e9 d\u2019acc\u00e9der aux donn\u00e9es g\u00e9n\u00e9r\u00e9es par leurs v\u00e9hicules pour pouvoir les v\u00e9rifier, et reconna\u00eetra le droit des consommateurs de poss\u00e9der leurs donn\u00e9es afin qu\u2019ils puissent continuer \u00e0 faire entretenir et r\u00e9parer leurs v\u00e9hicules dans l\u2019atelier de leur choix.<\/p>\n\n\n\n<p>Bien qu\u2019il n\u2019y ait eu aucun avancement concernant la l\u00e9gislation f\u00e9d\u00e9rale actuelle prot\u00e9geant les donn\u00e9es des v\u00e9hicules, le projet de loi&nbsp;C-244, appuy\u00e9 par l\u2019AIA Canada, aborde la question des syst\u00e8mes de verrouillage num\u00e9rique (<em>digital locks<\/em>) \u00e0 des fins de diagnostic, d\u2019entretien ou de r\u00e9paration, et fait son chemin \u00e0 la Chambre des communes avec l\u2019espoir qu\u2019il soit adopt\u00e9 et entre en vigueur d\u00e8s que possible.<\/p>\n\n\n\n<p>Bien que cette loi f\u00e9d\u00e9rale soit un pas dans la bonne direction, des modifications parall\u00e8les \u00e0 la Loi sur la concurrence sont \u00e9galement n\u00e9cessaires pour aider \u00e0 renforcer l\u2019exigence impos\u00e9e aux fabricants de permettre l\u2019acc\u00e8s aux renseignements sur les diagnostics et les r\u00e9parations, ce qui r\u00e9glerait les probl\u00e8mes syst\u00e9miques li\u00e9s \u00e0 la propri\u00e9t\u00e9 des donn\u00e9es, offrirait des options aux consommateurs et permettrait \u00e0 nos petites et moyennes entreprises d\u2019\u00eatre v\u00e9ritablement concurrentielles.<\/p>\n\n\n\n<p>Le Qu\u00e9bec a choisi d\u2019agir rapidement, peu importe l\u2019issue du projet de loi f\u00e9d\u00e9rale, pour prot\u00e9ger le secteur de l\u2019entretien et de la r\u00e9paration automobile et les consommateurs de la province. D\u2019autres provinces et territoires peuvent \u00e9galement adopter des lois pour s\u2019assurer que cette question cruciale soit r\u00e9gl\u00e9e.<\/p>\n\n\n\n<p>Puisque les donn\u00e9es diagnostiques sont contr\u00f4l\u00e9es par les constructeurs automobiles, les Canadiens sont de plus en plus limit\u00e9s dans le choix de l\u2019endroit o\u00f9 ils peuvent faire r\u00e9parer leurs v\u00e9hicules. Beaucoup devront peut-\u00eatre se d\u00e9placer plus loin, attendre plus longtemps et payer plus cher pour faire r\u00e9parer leurs v\u00e9hicules chez un concessionnaire.<\/p>\n\n\n\n<p>Alors que les consommateurs et les ateliers de r\u00e9paration ind\u00e9pendants continuent de s\u2019attaquer \u00e0 ce probl\u00e8me partout au pays, l\u2019AIA Canada, de concert avec ses partenaires de l\u2019industrie, continuera de travailler avec les gouvernements provinciaux et f\u00e9d\u00e9ral pour veiller \u00e0 ce que des r\u00e8gles \u00e9quitables soient mises en place pour l\u2019industrie de l\u2019entretien et de la r\u00e9paration automobile et les consommateurs canadiens. Participez \u00e0 la campagne pour vous assurer que les Canadiens ont le choix en mati\u00e8re de r\u00e9paration de v\u00e9hicules. Contactez votre membre du Parlement d\u00e8s aujourd\u2019hui en <a href=\"https:\/\/www.righttorepair.ca\/fr\/#Impliquez-vous\" target=\"_blank\" rel=\"noopener\" title=\"\">utilisant notre outil facile et pr\u00eatez votre voix \u00e0 la cause<\/a>.<\/p>\n","protected":false},"featured_media":4391,"parent":0,"menu_order":0,"template":"","format":"standard","news-category":[92,89],"news-backend-category":[100],"class_list":["post-16001","news","type-news","status-publish","format-standard","has-post-thumbnail","hentry","news-category-nouvelles","news-category-relations-gouvernementales","news-backend-category-droit-a-la-reparation"],"acf":[],"aioseo_notices":[],"wpml_current_locale":"fr_CA","wpml_translations":[],"_links":{"self":[{"href":"https:\/\/www.aiacanada.com\/fr\/wp-json\/wp\/v2\/news\/16001","targetHints":{"allow":["GET"]}}],"collection":[{"href":"https:\/\/www.aiacanada.com\/fr\/wp-json\/wp\/v2\/news"}],"about":[{"href":"https:\/\/www.aiacanada.com\/fr\/wp-json\/wp\/v2\/types\/news"}],"wp:featuredmedia":[{"embeddable":true,"href":"https:\/\/www.aiacanada.com\/fr\/wp-json\/wp\/v2\/media\/4391"}],"wp:attachment":[{"href":"https:\/\/www.aiacanada.com\/fr\/wp-json\/wp\/v2\/media?parent=16001"}],"wp:term":[{"taxonomy":"news-category","embeddable":true,"href":"https:\/\/www.aiacanada.com\/fr\/wp-json\/wp\/v2\/news-category?post=16001"},{"taxonomy":"news-backend-category","embeddable":true,"href":"https:\/\/www.aiacanada.com\/fr\/wp-json\/wp\/v2\/news-backend-category?post=16001"}],"curies":[{"name":"wp","href":"https:\/\/api.w.org\/{rel}","templated":true}]}}