{"id":18371,"date":"2024-01-29T03:35:00","date_gmt":"2024-01-29T08:35:00","guid":{"rendered":"https:\/\/www.aiacanada.com\/?post_type=news&#038;p=18371"},"modified":"2024-01-26T15:45:38","modified_gmt":"2024-01-26T20:45:38","slug":"grand-forum-du-quebec-sattaquer-a-lembauche-internationale-a-la-retention-des-employes-et-a-lattrait-de-lindustrie-pour-la-main-doeuvre","status":"publish","type":"news","link":"https:\/\/www.aiacanada.com\/fr\/nouvelles\/grand-forum-du-quebec-sattaquer-a-lembauche-internationale-a-la-retention-des-employes-et-a-lattrait-de-lindustrie-pour-la-main-doeuvre\/","title":{"rendered":"Grand Forum du Qu\u00e9bec\u202f: S\u2019attaquer \u00e0 l\u2019embauche internationale, \u00e0 la r\u00e9tention des employ\u00e9s et \u00e0 l\u2019attrait de l\u2019industrie pour la main-d\u2019\u0153uvre\u00a0"},"content":{"rendered":"\n<p>Le Grand Forum du Qu\u00e9bec s\u2019est rendu \u00e0 Trois-Rivi\u00e8res cette ann\u00e9e pour une journ\u00e9e bien remplie d\u2019apprentissages, de collaboration et d\u2019\u00e9laboration de strat\u00e9gies pour relever les d\u00e9fis auxquels le secteur de l\u2019entretien automobile et de la r\u00e9paration au Qu\u00e9bec fait actuellement face.&nbsp;<\/p>\n\n\n\n<p>La journ\u00e9e a commenc\u00e9 par des pr\u00e9sentations d\u2019ouverture et une table ronde, anim\u00e9e par R\u00e9jean Lortie, qui \u0153uvre dans l\u2019industrie depuis plus de 40\u202fans et qui a travaill\u00e9 avec des \u00e9quipes de vente, du service \u00e0 la client\u00e8le et de la direction pour aider \u00e0 maximiser la rentabilit\u00e9 et le succ\u00e8s \u00e0 long terme de l\u2019entreprise.\u00a0<\/p>\n\n\n\n<p>Apr\u00e8s une pause d\u00eener et r\u00e9seautage, la journ\u00e9e a commenc\u00e9 par des ateliers de 45\u202fminutes, chacun ayant couvert des sujets cruciaux de l\u2019industrie, allant des meilleures pratiques d\u2019embauche \u00e0 la fa\u00e7on de faire face \u00e0 la p\u00e9nurie de main-d\u2019\u0153uvre dans le secteur de l\u2019entretien et de la r\u00e9paration automobile, en passant par la r\u00e9ussite \u00e0 long terme de l\u2019entreprise.&nbsp;<\/p>\n\n\n\n<h2 class=\"wp-block-heading\"><strong>Recrutement international\u202f: comment \u00e7a marche?<\/strong>&nbsp;<\/h2>\n\n\n\n<p>Attirer des talents internationaux dans le secteur de l\u2019entretien et de la r\u00e9paration automobile au Qu\u00e9bec est plus facile \u00e0 dire qu\u2019\u00e0 faire. Lorsqu\u2019il s\u2019agit de recruter et d\u2019embaucher des travailleurs qualifi\u00e9s \u00e0 l\u2019\u00e9tranger, recevoir des conseils peut s\u2019av\u00e9rer fort utile. Dans cet atelier, Karim Mouldi, de Canari International Recruitment, y est all\u00e9 de ses id\u00e9es et strat\u00e9gies sur la fa\u00e7on de recruter et d\u2019embaucher efficacement des travailleurs internationaux qualifi\u00e9s.&nbsp;<\/p>\n\n\n\n<p>\u00ab Si vous versez un salaire inf\u00e9rieur au salaire minimum \u00e0 vos travailleurs internationaux, vous pouvez \u00eatre tenu d&#8217;investir dans votre travailleur pour l&#8217;aider \u00e0 s&#8217;installer. Si vous payez plus que le salaire minimum de 26 $ de l\u2019heure, vous n&#8217;\u00eates pas responsable de leur installation au pays, tel que le logement, le transport, etc. \u00bb d\u00e9clare Karim Mouldi&nbsp;<\/p>\n\n\n\n<h2 class=\"wp-block-heading\"><strong>Passer \u00e0 l\u2019action\u202f: un mode d\u2019emploi<\/strong>&nbsp;<\/h2>\n\n\n\n<p>Par la suite, un autre atelier a \u00e9t\u00e9 pr\u00e9sent\u00e9 par Philip Bussi\u00e8re, conseiller principal en formation au Conseil provincial des comit\u00e9s paritaires de l\u2019industrie des services automobiles (CPCPA). Son atelier \u00e9tait ax\u00e9 sur les outils n\u00e9cessaires pour passer \u00e0 l\u2019action, tels que les programmes de formation, pour r\u00e9ussir dans le secteur de l\u2019entretien et de la r\u00e9paration automobile de nos jours.&nbsp;<\/p>\n\n\n\n<p>\u00ab On est au d\u00e9part de la valorisation du m\u00e9tier chez le public. On a du chemin \u00e0 faire. On doit r\u00e9ussir \u00e0 changer le mindset, pas des gens de l&#8217;industrie mais des gens qui voient l&#8217;industrie. On doit faire de l&#8217;industrie une opportunit\u00e9 aux yeux du public. \u00bb&nbsp;<\/p>\n\n\n\n<h2 class=\"wp-block-heading\"><strong>Maintenir l\u2019\u00e9quilibre et la r\u00e9ussite financi\u00e8re<\/strong>&nbsp;<\/h2>\n\n\n\n<p>Le troisi\u00e8me atelier, pr\u00e9sent\u00e9 par Mario Comtois, de PME Guru, et par Antoine Janisse, du Groupe Del\u202fVasto, a enseign\u00e9 aux participants de nouvelles strat\u00e9gies pour mieux travailler et assurer l\u2019\u00e9quilibre et la rentabilit\u00e9 de leur entreprise.&nbsp;<\/p>\n\n\n\n<p>\u00ab Les gens quittent souvent leur emploi pour des raisons salariales, mais le plus souvent, c&#8217;est \u00e0 cause d&#8217;un manque de bien-\u00eatre au travail. Il existe un certain nombre de solutions possibles \u00e0 la question du bien-\u00eatre au travail qui peuvent \u00eatre mises en \u0153uvre et contribuer \u00e0 rem\u00e9dier \u00e0 la perte de main-d&#8217;\u0153uvre dans vos ateliers. D\u00e9couvrez le pourquoi de votre main-d\u2019\u0153uvre et r\u00e9pondez-y dans la mesure du possible. \u00bb a expliqu\u00e9 Comtois.&nbsp;<\/p>\n\n\n\n<p>\u00ab Le succ\u00e8s de votre entreprise d\u00e9pend de l&#8217;organisation de votre calendrier et de la prise de rendez-vous avec les consommateurs. \u00bb d\u00e9clare Janisse.&nbsp;<\/p>\n\n\n\n<p>La journ\u00e9e s\u2019est termin\u00e9e par un cocktail d\u00eenatoire offert aux participants, au cours duquel ils ont pu tisser d\u2019autres liens, et discuter davantage des ateliers auxquels ils avaient assist\u00e9 et de la mise en \u0153uvre des nouvelles strat\u00e9gies apprises pour assurer leur succ\u00e8s dans l\u2019industrie.&nbsp;<\/p>\n\n\n\n<h2 class=\"wp-block-heading\"><strong>D\u2019ici la prochaine fois\u2026<\/strong>&nbsp;<\/h2>\n\n\n\n<p>Avec le printemps qui approche, n\u2019oubliez pas de mettre <a href=\"https:\/\/www.aiacanada.com\/events\/aia-canada-quebec-division-golf-tournament\/%22%20\/h%EF%B7%9FHYPERLINK%20%22https:\/\/www.aiacanada.com\/fr\/evenements\/tournoi-de-golf-de-la-division-du-quebec-de-laia-canada\/\" target=\"_blank\" rel=\"noreferrer noopener\">le tournoi de golf de la division du Qu\u00e9bec<\/a> \u00e0 votre calendrier\u202f: il aura lieu le 30\u202fmai 2024. Demeurez \u00e0 l\u2019aff\u00fbt des mises \u00e0 jour!&nbsp;<\/p>\n","protected":false},"featured_media":18370,"parent":0,"menu_order":0,"template":"","format":"standard","news-category":[88,92],"news-backend-category":[99],"class_list":["post-18371","news","type-news","status-publish","format-standard","has-post-thumbnail","hentry","news-category-evenements","news-category-nouvelles","news-backend-category-quebec-fr"],"acf":[],"aioseo_notices":[],"wpml_current_locale":"fr_CA","wpml_translations":[],"_links":{"self":[{"href":"https:\/\/www.aiacanada.com\/fr\/wp-json\/wp\/v2\/news\/18371","targetHints":{"allow":["GET"]}}],"collection":[{"href":"https:\/\/www.aiacanada.com\/fr\/wp-json\/wp\/v2\/news"}],"about":[{"href":"https:\/\/www.aiacanada.com\/fr\/wp-json\/wp\/v2\/types\/news"}],"wp:featuredmedia":[{"embeddable":true,"href":"https:\/\/www.aiacanada.com\/fr\/wp-json\/wp\/v2\/media\/18370"}],"wp:attachment":[{"href":"https:\/\/www.aiacanada.com\/fr\/wp-json\/wp\/v2\/media?parent=18371"}],"wp:term":[{"taxonomy":"news-category","embeddable":true,"href":"https:\/\/www.aiacanada.com\/fr\/wp-json\/wp\/v2\/news-category?post=18371"},{"taxonomy":"news-backend-category","embeddable":true,"href":"https:\/\/www.aiacanada.com\/fr\/wp-json\/wp\/v2\/news-backend-category?post=18371"}],"curies":[{"name":"wp","href":"https:\/\/api.w.org\/{rel}","templated":true}]}}