{"id":19186,"date":"2024-03-27T13:00:00","date_gmt":"2024-03-27T17:00:00","guid":{"rendered":"https:\/\/www.aiacanada.com\/?post_type=news&#038;p=19186"},"modified":"2024-03-28T13:36:35","modified_gmt":"2024-03-28T17:36:35","slug":"laia-canada-annonce-les-laureats-dues-prix-pour-services-eminents-et-du-prix-du-jeune-professionnel-de-lannee-2024","status":"publish","type":"news","link":"https:\/\/www.aiacanada.com\/fr\/nouvelles\/laia-canada-annonce-les-laureats-dues-prix-pour-services-eminents-et-du-prix-du-jeune-professionnel-de-lannee-2024\/","title":{"rendered":"L\u2019AIA Canada annonce les laur\u00e9ats du Prix pour services \u00e9minents et du Prix du jeune professionnel de l\u2019ann\u00e9e 2024\u00a0"},"content":{"rendered":"\n<p><em>Ottawa, le 27\u202fmars 2024<\/em>\u2014L\u2019Association des industries de l\u2019automobile du Canada (<s>L<\/s>&#8216;AIA Canada) est ravie d\u2019annoncer les laur\u00e9ats de 2024 du Prix pour services \u00e9minents et du Prix du jeune professionnel de l\u2019ann\u00e9e de la communaut\u00e9 des Jeunes professionnels du secteur de l\u2019entretien et de la r\u00e9paration automobile (JPSERA).\u00a0<\/p>\n\n\n\n<p>Lors de la <strong><a href=\"https:\/\/www.aiacanada.com\/fr\/evenements\/conference-nationale-de-laia-canada\/\" target=\"_blank\" rel=\"noopener\" title=\"\">Conf\u00e9rence nationale de l&#8217;AIA Canada<\/a><\/strong> le 24\u202favril 2024, les deux laur\u00e9ats recevront leur prix. Veuillez nous accompagner \u00e0 la Conf\u00e9rence nationale de l&#8217;AIA Canada au Delta Hotels by Marriott Toronto Airport &amp; Conference Centre, car nous les reconnaissons personnellement.\u00a0<\/p>\n\n\n\n<h2 class=\"wp-block-heading\"><strong>Prix pour services \u00e9minents de l\u2019AIA Canada<\/strong>&nbsp;<\/h2>\n\n\n\n<p>Le Prix pour services \u00e9minents de l\u2019AIA Canada est la plus haute distinction d\u00e9cern\u00e9e par l\u2019Association \u00e0 un membre individuel. Il met en valeur le service et le leadership remarquables qui contribuent \u00e0 l&#8217;expansion et au d\u00e9veloppement de l\u2019industrie de l&#8217;entretien et de la r\u00e9paration du Canada. L\u2019AIA Canada est heureuse de d\u00e9cerner le prix pour services \u00e9minents de 2024 \u00e0 Bill Hay.&nbsp;<\/p>\n\n\n\n<h2 class=\"wp-block-heading\"><strong>Bill Hay<\/strong>&nbsp;<\/h2>\n\n\n\n<p><strong>Pr\u00e9sident, Le Groupe E.R.I.&nbsp;<\/strong><\/p>\n\n\n\n<div class=\"wp-block-media-text is-stacked-on-mobile\"><figure class=\"wp-block-media-text__media\"><img fetchpriority=\"high\" decoding=\"async\" width=\"600\" height=\"400\" src=\"https:\/\/www.aiacanada.com\/wp-content\/uploads\/2024\/03\/BillFix.png\" alt=\"\" class=\"wp-image-19200 size-full\" srcset=\"https:\/\/www.aiacanada.com\/wp-content\/uploads\/2024\/03\/BillFix.png 600w, https:\/\/www.aiacanada.com\/wp-content\/uploads\/2024\/03\/BillFix-300x200.png 300w\" sizes=\"(max-width: 600px) 100vw, 600px\" \/><\/figure><div class=\"wp-block-media-text__content\">\n<p>Bill a d\u00e9but\u00e9 sa carri\u00e8re automobile \u00e0 Kitchener, en Ontario, o\u00f9 il a occup\u00e9 le poste de bureau de commande d&#8217;initi\u00e9s pour BF Goodrich, o\u00f9 il vendait des produits industriels. En 1981, il a rapidement fait le changement vers le secteur de l&#8217;entretien et de la r\u00e9paration automobile.<\/p>\n<\/div><\/div>\n\n\n\n<p> Au fil du temps, il a rapidement acquis les comp\u00e9tences n\u00e9cessaires pour \u00e9voluer dans le domaine professionnel et a \u00e9volu\u00e9 en tant que vice-pr\u00e9sident pour Dayco, vice-pr\u00e9sident r\u00e9gional pour Uni-S\u00e9lect et pr\u00e9sident et chef de l&#8217;exploitation de Bestbuy Distributors Ltd. Apr\u00e8s avoir pris sa retraite en mai 2023, Bill est rapidement revenu dans l&#8217;industrie en juillet 2023, acceptant le poste de pr\u00e9sident du groupe E.R.I, une entreprise canadienne sp\u00e9cialis\u00e9e dans la distribution de pi\u00e8ces de moteur.&nbsp;<\/p>\n\n\n\n<p>Tout au long de sa carri\u00e8re, Bill a exerc\u00e9 diverses fonctions au sein de l&#8217;AIA Canada, comme membre du conseil et membre de la division de l&#8217;Ontario, pour ne mentionner que quelques exemples. De plus, il a enseign\u00e9 le programme du march\u00e9 secondaire \u00e0 l\u2019<em>Automotive Business School of Canada<\/em> (ABSC) \u00e0 Barrie et a consacr\u00e9 son temps \u00e0 divers \u00e9v\u00e9nements caritatifs en tant que membre du conseil d\u2019administration tels que Slapshots for a Cause (tirs au but pour une cause) et Shads R&amp;R.&nbsp;<\/p>\n\n\n\n<h2 class=\"wp-block-heading\"><strong>Prix du jeune professionnel de l\u2019ann\u00e9e<\/strong>&nbsp;<\/h2>\n\n\n\n<p>Chaque ann\u00e9e, le comit\u00e9 des Jeunes professionnels du secteur de l&#8217;entretien et de la r\u00e9paration automobile remet le P<s>p<\/s>rix du jeune professionnel de l\u2019ann\u00e9e \u00e0 un jeune professionnel remarquable du secteur de l&#8217;entretien et de la r\u00e9paration automobile du Canada. Ce prix reconna\u00eet le leadership, l\u2019innovation et l\u2019engagement envers l\u2019industrie. C\u2019est avec grand plaisir que nous remettons le prix du jeune professionnel de l\u2019ann\u00e9e\u202f2024 \u00e0 Patrick Verriet.&nbsp;<\/p>\n\n\n\n<h2 class=\"wp-block-heading\"><strong>Patrick Verriet<\/strong>&nbsp;<\/h2>\n\n\n\n<p><strong>Gestionnaire du d\u00e9veloppement des entreprises \u2013 Canada, MANN+HUMMEL&nbsp;<\/strong><\/p>\n\n\n\n<div class=\"wp-block-media-text is-stacked-on-mobile\"><figure class=\"wp-block-media-text__media\"><img decoding=\"async\" width=\"600\" height=\"400\" src=\"https:\/\/www.aiacanada.com\/wp-content\/uploads\/2024\/03\/LEE00991.jpg\" alt=\"\" class=\"wp-image-19183 size-full\" srcset=\"https:\/\/www.aiacanada.com\/wp-content\/uploads\/2024\/03\/LEE00991.jpg 600w, https:\/\/www.aiacanada.com\/wp-content\/uploads\/2024\/03\/LEE00991-300x200.jpg 300w\" sizes=\"(max-width: 600px) 100vw, 600px\" \/><\/figure><div class=\"wp-block-media-text__content\">\n<p>Gr\u00e2ce aux 34 ans de carri\u00e8re de son p\u00e8re chez WIX Filters, Patrick Verriet conna\u00eet bien le secteur de l&#8217;entretien et de la r\u00e9paration automobile depuis son plus jeune \u00e2ge. Avec plus de 18 ans d\u2019exp\u00e9rience en leadership, en ventes et en service \u00e0 la client\u00e8le, Patrick est passionn\u00e9 par l\u2019innovation de l\u2019industrie et continue de s\u2019impliquer dans le secteur de l&#8217;entretien et de la r\u00e9paration automobile.&nbsp;<\/p>\n<\/div><\/div>\n\n\n\n<p>Apr\u00e8s avoir \u00e9t\u00e9 membre depuis 2017, il occupe actuellement le poste de pr\u00e9sident du comit\u00e9 des Jeunes professionnels du secteur de l&#8217;entretien et de la r\u00e9paration automobile (JPSERA) de l&#8217;AIA Canada. Il est \u00e9galement membre de l&#8217;Association canadienne des professionnels de la vente et membre du conseil d&#8217;administration de Automotive Materials Stewardship de l&#8217;Ontario.&nbsp;<\/p>\n\n\n\n<p>En mars 2022, Patrick a d\u00e9cid\u00e9 de se lancer dans une carri\u00e8re de leader dans l&#8217;industrie en obtenant son dipl\u00f4me professionnel du march\u00e9 secondaire de l&#8217;automobile et en int\u00e9grant le programme Leadership\u202f2.0 \u00e0 l&#8217;Universit\u00e9 Northwood au Michigan, aux \u00c9tats-Unis.&nbsp;<\/p>\n\n\n\n<p>En dehors de son travail, Patrick appr\u00e9cie passer du temps \u00e0 l&#8217;ext\u00e9rieur, faire du b\u00e9n\u00e9volat et, en tant que v\u00e9t\u00e9ran de 14 ans des Forces arm\u00e9es canadiennes, superviser les futurs leaders du Canada dans le programme des cadets canadiens.&nbsp;<\/p>\n\n\n\n<p class=\"has-text-align-center\"><strong>-30-&nbsp;<\/strong><\/p>\n\n\n\n<h2 class=\"wp-block-heading\"><strong>\u00c0 propos de l&#8217;Association des industries de l&#8217;automobile du Canada<\/strong>&nbsp;<\/h2>\n\n\n\n<p>Nous repr\u00e9sentons, soutenons et incitons l\u2019innovation dans le secteur canadien de l\u2019entretien et de la r\u00e9paration automobile, qui repr\u00e9sente 37,8\u202fmilliards de dollars. Avec des milliers de\u202fmembres \u00e0 travers le pays, notre vision, nos \u00e9tudes, nos programmes de formation et notre repr\u00e9sentation soutiennent les secteurs de la carrosserie et de la m\u00e9canique. Nous partageons avec nos membres les pratiques exemplaires de l\u2019industrie de l\u2019entretien et de la r\u00e9paration automobile, afin de les aider \u00e0 maintenir sur la route les quelque 26,6\u202fmillions de v\u00e9hicules du parc automobile canadien.&nbsp;<\/p>\n\n\n\n<p>En offrant aux Canadiens tous les produits et services dont un v\u00e9hicule peut avoir besoin d\u00e8s sa sortie de chez le concessionnaire, comme une r\u00e9paration de carrosserie ou un simple entretien, nos membres aident les v\u00e9hicules \u00e0 durer plus longtemps et \u00e0 polluer moins, tout en assurant la s\u00e9curit\u00e9 des conducteurs.&nbsp;<\/p>\n\n\n\n<h2 class=\"wp-block-heading\"><strong>Pour de plus amples informations, contactez\u202f:<\/strong>\u202f&nbsp;<\/h2>\n\n\n\n<p>Communications de l\u2019AIA Canada\u202f&nbsp;<\/p>\n\n\n\n<p>1-800-808-2920 ext. 2285\u202f&nbsp;<\/p>\n\n\n\n<p><a href=\"mailto:communications@aiacanada.com\" target=\"_blank\" rel=\"noreferrer noopener\">communications@aiacanada.com<\/a>\u202f&nbsp;<\/p>\n","protected":false},"featured_media":629,"parent":0,"menu_order":0,"template":"","format":"standard","news-category":[93,92],"news-backend-category":[102],"class_list":["post-19186","news","type-news","status-publish","format-standard","has-post-thumbnail","hentry","news-category-communiques-de-presse","news-category-nouvelles","news-backend-category-jeunes-professionnels-du-secteur-de-lentretien-et-de-la-reparation-automobile"],"acf":[],"aioseo_notices":[],"wpml_current_locale":"fr_CA","wpml_translations":[],"_links":{"self":[{"href":"https:\/\/www.aiacanada.com\/fr\/wp-json\/wp\/v2\/news\/19186","targetHints":{"allow":["GET"]}}],"collection":[{"href":"https:\/\/www.aiacanada.com\/fr\/wp-json\/wp\/v2\/news"}],"about":[{"href":"https:\/\/www.aiacanada.com\/fr\/wp-json\/wp\/v2\/types\/news"}],"wp:featuredmedia":[{"embeddable":true,"href":"https:\/\/www.aiacanada.com\/fr\/wp-json\/wp\/v2\/media\/629"}],"wp:attachment":[{"href":"https:\/\/www.aiacanada.com\/fr\/wp-json\/wp\/v2\/media?parent=19186"}],"wp:term":[{"taxonomy":"news-category","embeddable":true,"href":"https:\/\/www.aiacanada.com\/fr\/wp-json\/wp\/v2\/news-category?post=19186"},{"taxonomy":"news-backend-category","embeddable":true,"href":"https:\/\/www.aiacanada.com\/fr\/wp-json\/wp\/v2\/news-backend-category?post=19186"}],"curies":[{"name":"wp","href":"https:\/\/api.w.org\/{rel}","templated":true}]}}