{"id":20202,"date":"2024-06-26T04:25:00","date_gmt":"2024-06-26T08:25:00","guid":{"rendered":"https:\/\/www.aiacanada.com\/?post_type=news&#038;p=20202"},"modified":"2024-06-21T10:34:46","modified_gmt":"2024-06-21T14:34:46","slug":"la-division-du-quebec-de-laia-canada-remet-trois-bourses-raymond-savard-au-gala-meritas-du-cetemmm","status":"publish","type":"news","link":"https:\/\/www.aiacanada.com\/fr\/nouvelles\/la-division-du-quebec-de-laia-canada-remet-trois-bourses-raymond-savard-au-gala-meritas-du-cetemmm\/","title":{"rendered":"La division du Qu\u00e9bec de l\u2019AIA Canada remet trois bourses Raymond Savard au Gala M\u00e9ritas du CETEMMM"},"content":{"rendered":"\n<p>Le 4 juin dernier, pr\u00e8s de 70 \u00e9l\u00e8ves m\u00e9ritants ont eu la chance de c\u00e9l\u00e9brer la fin de leur parcours acad\u00e9mique lors de la 38<sup>e<\/sup> \u00e9dition du Gala M\u00e9ritas du Comit\u00e9 \u00c9ducation Travail en \u00c9quipement Motoris\u00e9 du Montr\u00e9al M\u00e9tropolitain (CETEMMM) \u00e0 l\u2019\u00e9cole secondaire \u00c9douard-Montpetit \u00e0 Montr\u00e9al, Qu\u00e9bec.&nbsp;<\/p>\n\n\n\n<p>Cette soir\u00e9e reconnaissance annuelle vise \u00e0 honorer l\u2019excellence des meilleurs finissants des centres de formation professionnelle (CFP) de l\u2019industrie des services automobiles du Grand Montr\u00e9al. Regroupant pr\u00e8s de 400 participants, cette initiative a pour objectif d\u2019encourager la rel\u00e8ve de l\u2019industrie et valoriser les formations professionnelles. Ce sont des priorit\u00e9s pour l\u2019industrie des services automobiles dans le contexte actuel de p\u00e9nurie de main-d\u2019\u0153uvre qualifi\u00e9e et des d\u00e9fis reli\u00e9s aux changements technologiques et de l\u2019\u00e9lectrification des v\u00e9hicules.&nbsp;<\/p>\n\n\n\n<p>Mario Comtois, membre de la division du Qu\u00e9bec de l\u2019AIA Canada a remis au nom de la l&#8217;Association des bourses Raymond Savard au montant de 500 $ chacune \u00e0 trois \u00e9tudiants m\u00e9ritants.<\/p>\n\n\n<div class=\"wp-block-image\">\n<figure class=\"aligncenter size-large is-resized\"><img fetchpriority=\"high\" decoding=\"async\" width=\"1024\" height=\"681\" src=\"https:\/\/www.aiacanada.com\/wp-content\/uploads\/2024\/06\/2024-06-06-QC-CETEMMM-Meritas-2024-81-1024x681.jpg\" alt=\"\" class=\"wp-image-20203\" style=\"width:645px;height:auto\" srcset=\"https:\/\/www.aiacanada.com\/wp-content\/uploads\/2024\/06\/2024-06-06-QC-CETEMMM-Meritas-2024-81-1024x681.jpg 1024w, https:\/\/www.aiacanada.com\/wp-content\/uploads\/2024\/06\/2024-06-06-QC-CETEMMM-Meritas-2024-81-300x200.jpg 300w, https:\/\/www.aiacanada.com\/wp-content\/uploads\/2024\/06\/2024-06-06-QC-CETEMMM-Meritas-2024-81-768x511.jpg 768w, https:\/\/www.aiacanada.com\/wp-content\/uploads\/2024\/06\/2024-06-06-QC-CETEMMM-Meritas-2024-81-1536x1022.jpg 1536w, https:\/\/www.aiacanada.com\/wp-content\/uploads\/2024\/06\/2024-06-06-QC-CETEMMM-Meritas-2024-81-2048x1363.jpg 2048w, https:\/\/www.aiacanada.com\/wp-content\/uploads\/2024\/06\/2024-06-06-QC-CETEMMM-Meritas-2024-81-600x399.jpg 600w\" sizes=\"(max-width: 1024px) 100vw, 1024px\" \/><figcaption class=\"wp-element-caption\">Les trois r\u00e9cipients de l&#8217;ann\u00e9e 2024 des bourses Raymond Savard.<\/figcaption><\/figure>\n<\/div>\n\n\n<p>Plusieurs membres de la division du Qu\u00e9bec de l\u2019AIA Canada \u00e9taient \u00e9galement pr\u00e9sents au gala m\u00e9ritas du CETEMMM afin de soutenir la rel\u00e8ve de notre industrie.<\/p>\n\n\n<div class=\"wp-block-image\">\n<figure class=\"aligncenter size-large is-resized\"><img decoding=\"async\" width=\"1024\" height=\"683\" src=\"https:\/\/www.aiacanada.com\/wp-content\/uploads\/2024\/06\/IMG_0246-1024x683.jpg\" alt=\"\" class=\"wp-image-20205\" style=\"width:664px;height:auto\" srcset=\"https:\/\/www.aiacanada.com\/wp-content\/uploads\/2024\/06\/IMG_0246-1024x683.jpg 1024w, https:\/\/www.aiacanada.com\/wp-content\/uploads\/2024\/06\/IMG_0246-300x200.jpg 300w, https:\/\/www.aiacanada.com\/wp-content\/uploads\/2024\/06\/IMG_0246-768x512.jpg 768w, https:\/\/www.aiacanada.com\/wp-content\/uploads\/2024\/06\/IMG_0246-600x400.jpg 600w, https:\/\/www.aiacanada.com\/wp-content\/uploads\/2024\/06\/IMG_0246.jpg 1125w\" sizes=\"(max-width: 1024px) 100vw, 1024px\" \/><figcaption class=\"wp-element-caption\"><em>De gauche \u00e0 droite : Patrick Saint-Pierre, Annie Desmarais, Jean Falcon, Mario Comtois, Maude Giroux et Andr\u00e9 Latreille<\/em><\/figcaption><\/figure>\n<\/div>\n\n\n<p>Les \u00e9l\u00e8ves honor\u00e9s proviennent de huit diff\u00e9rents CFP du Grand Montr\u00e9al et ont \u00e9t\u00e9 s\u00e9lectionn\u00e9s par des professeurs en m\u00e9canique et carrosserie sur la base des crit\u00e8res de s\u00e9lections suivants\u202f: assiduit\u00e9; ponctualit\u00e9; performance; pers\u00e9v\u00e9rance et \u00e9thique de travail (s\u00e9curit\u00e9, comportement, savoir-\u00eatre).&nbsp;<\/p>\n\n\n\n<p>Les CFP faisant partie du regroupement de la CETEMMM sont les suivants\u202f:&nbsp;&nbsp;<\/p>\n\n\n\n<ul class=\"wp-block-list\">\n<li>Centre Daniel-Johnson&nbsp;<\/li>\n<\/ul>\n\n\n\n<ul class=\"wp-block-list\">\n<li>Centre de formation Comp\u00e9tence Rive-Sud&nbsp;<\/li>\n<\/ul>\n\n\n\n<ul class=\"wp-block-list\">\n<li>Centre de formation professionnelle de Verdun&nbsp;<\/li>\n<\/ul>\n\n\n\n<ul class=\"wp-block-list\">\n<li>Centre de formation professionnelle Laurier Macdonald&nbsp;<\/li>\n<\/ul>\n\n\n\n<ul class=\"wp-block-list\">\n<li>\u00c9cole des m\u00e9tiers de l\u2019\u00e9quipement motoris\u00e9 de Montr\u00e9al&nbsp;<\/li>\n<\/ul>\n\n\n\n<ul class=\"wp-block-list\">\n<li>\u00c9cole des m\u00e9tiers sp\u00e9cialis\u00e9s de Laval&nbsp;<\/li>\n<\/ul>\n\n\n\n<ul class=\"wp-block-list\">\n<li>Nova Career Centre&nbsp;<\/li>\n<\/ul>\n\n\n\n<ul class=\"wp-block-list\">\n<li>West Island Career Centre&nbsp;<\/li>\n<\/ul>\n\n\n\n<h2 class=\"wp-block-heading\"><strong>\u00c0 propos du Comit\u00e9 \u00e9ducation Travail en \u00e9quipement Motoris\u00e9 du Montr\u00e9al M\u00e9tropolitain<\/strong>&nbsp;<\/h2>\n\n\n\n<p>Le Comit\u00e9 \u00e9ducation Travail en \u00e9quipement Motoris\u00e9 du Montr\u00e9al M\u00e9tropolitain (CETEMMM) est un regroupement de centres de formations professionnelles et de plusieurs partenaires de l\u2019industrie des services automobiles dans un but commun : faciliter la communication entre eux.&nbsp;<\/p>\n\n\n\n<p>L\u2019objectif premier de ce comit\u00e9 est de permettre aux employeurs de l\u2019industrie de transmettre leurs besoins de main-d\u2019oeuvre aux \u00e9tablissements de formation, afin de les aider \u00e0 ajuster leurs formations pour mieux r\u00e9pondre aux besoins r\u00e9els du march\u00e9.&nbsp;<\/p>\n\n\n\n<p>Parmi ces mandats : l\u2019acc\u00e8s \u00e0 l\u2019industrie, la valorisation des dipl\u00f4mes d&#8217;\u00e9tudes professionnelles (DEP), l\u2019int\u00e9gration des apprentis sur le march\u00e9 du travail, les stages en alternance travail \u00e9tude (ATE) et l\u2019organisation du Gala M\u00e9ritas.&nbsp;<\/p>\n","protected":false},"featured_media":20207,"parent":0,"menu_order":0,"template":"","format":"standard","news-category":[87,92],"news-backend-category":[99],"class_list":["post-20202","news","type-news","status-publish","format-standard","has-post-thumbnail","hentry","news-category-divisions-fr","news-category-nouvelles","news-backend-category-quebec-fr"],"acf":[],"aioseo_notices":[],"wpml_current_locale":"fr_CA","wpml_translations":[],"_links":{"self":[{"href":"https:\/\/www.aiacanada.com\/fr\/wp-json\/wp\/v2\/news\/20202","targetHints":{"allow":["GET"]}}],"collection":[{"href":"https:\/\/www.aiacanada.com\/fr\/wp-json\/wp\/v2\/news"}],"about":[{"href":"https:\/\/www.aiacanada.com\/fr\/wp-json\/wp\/v2\/types\/news"}],"wp:featuredmedia":[{"embeddable":true,"href":"https:\/\/www.aiacanada.com\/fr\/wp-json\/wp\/v2\/media\/20207"}],"wp:attachment":[{"href":"https:\/\/www.aiacanada.com\/fr\/wp-json\/wp\/v2\/media?parent=20202"}],"wp:term":[{"taxonomy":"news-category","embeddable":true,"href":"https:\/\/www.aiacanada.com\/fr\/wp-json\/wp\/v2\/news-category?post=20202"},{"taxonomy":"news-backend-category","embeddable":true,"href":"https:\/\/www.aiacanada.com\/fr\/wp-json\/wp\/v2\/news-backend-category?post=20202"}],"curies":[{"name":"wp","href":"https:\/\/api.w.org\/{rel}","templated":true}]}}