{"id":22147,"date":"2025-03-07T13:03:22","date_gmt":"2025-03-07T18:03:22","guid":{"rendered":"https:\/\/www.aiacanada.com\/?post_type=news&#038;p=22147"},"modified":"2025-03-07T13:03:54","modified_gmt":"2025-03-07T18:03:54","slug":"mise-a-jour-sur-les-tarifs-douaniers-americains-et-les-contre-mesures-canadiennes","status":"publish","type":"news","link":"https:\/\/www.aiacanada.com\/fr\/nouvelles\/mise-a-jour-sur-les-tarifs-douaniers-americains-et-les-contre-mesures-canadiennes\/","title":{"rendered":"Mise \u00e0 jour sur les tarifs douaniers am\u00e9ricains et les contre-mesures canadiennes"},"content":{"rendered":"\n<p>Comme nous l\u2019avons mentionn\u00e9 dans notre pr\u00e9c\u00e9dente communication, la situation entourant les tarifs impos\u00e9s par les \u00c9tats-Unis \u00e9volue rapidement cette semaine et pose des d\u00e9fis, notamment en raison des d\u00e9clarations changeantes des responsables am\u00e9ricains.<\/p>\n\n\n\n<p>Toutefois, l&#8217;AIA Canada a \u00e9t\u00e9 invit\u00e9e \u00e0 une s\u00e9ance d\u2019information officielle avec le minist\u00e8re des Finances ce matin, o\u00f9 nous avons re\u00e7u une mise \u00e0 jour officielle sur la r\u00e9ponse du Canada.<\/p>\n\n\n\n<p>Le 6 mars 2025, le pr\u00e9sident Trump a annonc\u00e9 une suspension temporaire des tarifs \u00e9conomiques g\u00e9n\u00e9raux de 25 pour cent jusqu\u2019au 2 avril 2025. Cette suspension ne s\u2019applique pas \u00e0 l\u2019acier et \u00e0 l\u2019aluminium, qui restent soumis aux tarifs pr\u00e9vus \u00e0 partir du 12 mars 2025.<\/p>\n\n\n\n<p>La <strong><a href=\"https:\/\/www.canada.ca\/fr\/ministere-finances\/nouvelles\/2025\/02\/liste-des-produits-en-provenance-des-etats-unis-assujettis-a-des-tarifs-de-25--en-vigueur-des-le-4-fevrier-2025.html\" target=\"_blank\" rel=\"noopener\" title=\"\">liste initiale<\/a> <\/strong>de contre-mesures du Canada, d\u2019une valeur de 30 milliards de dollars, incluant les pneus de rechange, restera en place.<\/p>\n\n\n\n<p>En effet, les exportations canadiennes doivent respecter la r\u00e8gle d\u2019origine de l\u2019Accord Canada\u2013\u00c9tats-Unis\u2013Mexique (ACEUM) pour \u00eatre exempt\u00e9es de ces tarifs jusqu\u2019au 2 avril 2025. Toutefois, les marchandises ne respectant pas cette r\u00e8gle d\u2019origine seront soumises \u00e0 un tarif de 25 pour cent.<\/p>\n\n\n\n<p>Le premier ministre Trudeau a confirm\u00e9 que le Canada poursuivra l\u2019application de ses tarifs de repr\u00e9sailles tant que tous les tarifs am\u00e9ricains ne seront pas lev\u00e9s.<\/p>\n\n\n\n<p>Le gouvernement encourage vivement les parties prenantes \u00e0 consulter des courtiers en douane, des avocats et des comptables pour naviguer dans le processus de conformit\u00e9.<\/p>\n\n\n\n<p>De plus, <a href=\"https:\/\/www.canada.ca\/fr\/ministere-finances\/programmes\/consultations\/2025\/avis-dintention-dimposer-contre-mesures-en-reponse-droits-douane-imposes-etats-unis-sur-marchandises-canadiennes.html\" target=\"_blank\" rel=\"noopener\" title=\"la seconde liste de tarifs propos\u00e9s\"><strong>la seconde liste de tarifs propos\u00e9s<\/strong><\/a> \u2014 d\u2019un montant de 125 milliards de dollars et pr\u00e9vue pour le 25 mars \u2014 a \u00e9t\u00e9 suspendue.<\/p>\n\n\n\n<p>Si vous avez des questions ou avez besoin de pr\u00e9cisions, n\u2019h\u00e9sitez pas \u00e0 contacter Emily Holtby, vice-pr\u00e9sidente des relations gouvernementales d\u2019AIA Canada,\u00a0\u00e0 <a href=\"mailto:emily.holtby@aiacanada.com\"><strong>emily.holtby@aiacanada.com<\/strong><\/a>.<\/p>\n","protected":false},"featured_media":22149,"parent":0,"menu_order":0,"template":"","format":"standard","news-category":[90,87,92,89],"news-backend-category":[94,95,96,100,102,97,98,99,101],"class_list":["post-22147","news","type-news","status-publish","format-standard","has-post-thumbnail","hentry","news-category-carrosserie","news-category-divisions-fr","news-category-nouvelles","news-category-relations-gouvernementales","news-backend-category-alberta-fr","news-backend-category-atlantique","news-backend-category-colombie-britannique","news-backend-category-droit-a-la-reparation","news-backend-category-jeunes-professionnels-du-secteur-de-lentretien-et-de-la-reparation-automobile","news-backend-category-manitoba-fr","news-backend-category-ontario-fr","news-backend-category-quebec-fr","news-backend-category-saskatchewan-fr"],"acf":[],"aioseo_notices":[],"wpml_current_locale":"fr_CA","wpml_translations":[],"_links":{"self":[{"href":"https:\/\/www.aiacanada.com\/fr\/wp-json\/wp\/v2\/news\/22147","targetHints":{"allow":["GET"]}}],"collection":[{"href":"https:\/\/www.aiacanada.com\/fr\/wp-json\/wp\/v2\/news"}],"about":[{"href":"https:\/\/www.aiacanada.com\/fr\/wp-json\/wp\/v2\/types\/news"}],"wp:featuredmedia":[{"embeddable":true,"href":"https:\/\/www.aiacanada.com\/fr\/wp-json\/wp\/v2\/media\/22149"}],"wp:attachment":[{"href":"https:\/\/www.aiacanada.com\/fr\/wp-json\/wp\/v2\/media?parent=22147"}],"wp:term":[{"taxonomy":"news-category","embeddable":true,"href":"https:\/\/www.aiacanada.com\/fr\/wp-json\/wp\/v2\/news-category?post=22147"},{"taxonomy":"news-backend-category","embeddable":true,"href":"https:\/\/www.aiacanada.com\/fr\/wp-json\/wp\/v2\/news-backend-category?post=22147"}],"curies":[{"name":"wp","href":"https:\/\/api.w.org\/{rel}","templated":true}]}}