{"id":23808,"date":"2025-07-31T06:00:00","date_gmt":"2025-07-31T10:00:00","guid":{"rendered":"https:\/\/www.aiacanada.com\/?post_type=news&#038;p=23808"},"modified":"2025-07-29T15:49:21","modified_gmt":"2025-07-29T19:49:21","slug":"soutenir-les-emplois-le-choix-et-la-durabilite-la-soumission-de-laia-canada-pour-le-budget-2025","status":"publish","type":"news","link":"https:\/\/www.aiacanada.com\/fr\/nouvelles\/soutenir-les-emplois-le-choix-et-la-durabilite-la-soumission-de-laia-canada-pour-le-budget-2025\/","title":{"rendered":"Soutenir les emplois, le choix et la durabilit\u00e9 : la soumission de l\u2019AIA Canada pour le Budget 2025\u00a0"},"content":{"rendered":"\n<p>L\u2019Association des industries de l\u2019automobile du Canada (AIA Canada) a \u00e9mis une recommandation claire et opportune au gouvernement f\u00e9d\u00e9ral dans le cadre de sa consultation pr\u00e9budg\u00e9taire pour le Budget 2025 : introduire une l\u00e9gislation compl\u00e8te sur le droit \u00e0 la r\u00e9paration qui inclut le secteur de l&#8217;entretien et de la r\u00e9paration automobile.&nbsp;<\/p>\n\n\n\n<p>Il ne s\u2019agit pas simplement d\u2019une demande politique\u202f; c\u2019est un appel strat\u00e9gique \u00e0 l\u2019action visant \u00e0 prot\u00e9ger le choix des consommateurs, \u00e0 d\u00e9fendre les emplois de la classe moyenne et \u00e0 assurer la comp\u00e9titivit\u00e9 et la durabilit\u00e9 \u00e0 long terme du secteur de l&#8217;entretien et de la r\u00e9paration automobile au Canada.&nbsp;<\/p>\n\n\n\n<h2 class=\"wp-block-heading\"><strong>L\u2019objectif : Garantir un acc\u00e8s \u00e9quitable, r\u00e9duire les co\u00fbts et soutenir les emplois<\/strong>&nbsp;<\/h2>\n\n\n\n<p>La recommandation de l\u2019AIA Canada repose sur un objectif clair : imposer un acc\u00e8s s\u00e9curis\u00e9, rapide et normalis\u00e9 aux donn\u00e9es sur l\u2019entretien et la r\u00e9paration des v\u00e9hicules pour les fournisseurs de services automobiles ind\u00e9pendants. En ce faisant, cette l\u00e9gislation permettrait d\u2019atteindre plusieurs objectifs critiques :&nbsp;<\/p>\n\n\n\n<ul class=\"wp-block-list\">\n<li>Offrir aux consommateurs canadiens plus de choix en mati\u00e8re de r\u00e9paration et des co\u00fbts r\u00e9duits.\u00a0<\/li>\n<\/ul>\n\n\n\n<ul class=\"wp-block-list\">\n<li>Prot\u00e9ger plus de 500\u202f000 emplois qualifi\u00e9s dans le secteur du march\u00e9 secondaire.\u00a0<\/li>\n<\/ul>\n\n\n\n<ul class=\"wp-block-list\">\n<li>Favoriser une plus grande concurrence et innovation dans l\u2019\u00e9conomie automobile.\u00a0<\/li>\n<\/ul>\n\n\n\n<ul class=\"wp-block-list\">\n<li>Prolonger la dur\u00e9e de vie des v\u00e9hicules, r\u00e9duire le gaspillage inutile et promouvoir la durabilit\u00e9.\u00a0<\/li>\n<\/ul>\n\n\n\n<p>Il s\u2019agit d\u2019\u00e9quit\u00e9. Chaque atelier de r\u00e9paration, peu importe sa taille ou son affiliation, devrait avoir acc\u00e8s aux donn\u00e9es et outils n\u00e9cessaires pour bien faire son travail. Chaque consommateur devrait avoir la libert\u00e9 de choisir o\u00f9 et comment son v\u00e9hicule est entretenu, et chaque technicien qualifi\u00e9 devrait pouvoir prosp\u00e9rer dans un march\u00e9 concurrentiel qui valorise son expertise.&nbsp;<\/p>\n\n\n\n<h2 class=\"wp-block-heading\"><strong>Pourquoi maintenant ?<\/strong>&nbsp;<\/h2>\n\n\n\n<p>Les familles canadiennes ressentent d\u00e9j\u00e0 la pression de la hausse des co\u00fbts. Les perturbations des cha\u00eenes d\u2019approvisionnement mondiales, les nouveaux tarifs et droits impos\u00e9s par les \u00c9tats-Unis (\u00c9.-U.) sur les pi\u00e8ces automobiles font grimper les factures de r\u00e9paration et limitent l\u2019acc\u00e8s \u00e0 des services abordables. Les ateliers de r\u00e9paration ind\u00e9pendants sont \u00e9vinc\u00e9s, et les consommateurs se retrouvent avec moins d\u2019options, souvent plus co\u00fbteuses et li\u00e9es aux r\u00e9seaux des fabricants d\u2019\u00e9quipement d\u2019origine (F\u00c9O).&nbsp;<\/p>\n\n\n\n<p>Dans le contexte actuel :&nbsp;<\/p>\n\n\n\n<ul class=\"wp-block-list\">\n<li>L\u2019acc\u00e8s aux pi\u00e8ces et aux donn\u00e9es n\u2019est pas seulement une question commerciale, c\u2019est une question d\u2019abordabilit\u00e9.\u00a0<\/li>\n<\/ul>\n\n\n\n<ul class=\"wp-block-list\">\n<li>Les tarifs cr\u00e9ent une volatilit\u00e9 des co\u00fbts, mais une politique canadienne peut stabiliser le secteur.\u00a0<\/li>\n<\/ul>\n\n\n\n<ul class=\"wp-block-list\">\n<li>Sans soutien f\u00e9d\u00e9ral, le secteur de l&#8217;entretien et de la r\u00e9paration automobile risque de perdre du terrain en mati\u00e8re d\u2019innovation, de durabilit\u00e9 de la main-d\u2019\u0153uvre et de confiance des consommateurs.\u00a0<\/li>\n<\/ul>\n\n\n\n<p>Bien que les projets de loi C-244 et C-294 du Parlement pr\u00e9c\u00e9dent aient repr\u00e9sent\u00e9 un pas dans la bonne direction en s\u2019attaquant aux verrous num\u00e9riques et \u00e0 l\u2019interop\u00e9rabilit\u00e9, ils n\u2019ont pas permis de garantir que les ateliers ind\u00e9pendants re\u00e7oivent les donn\u00e9es compl\u00e8tes et en temps opportun n\u00e9cessaires \u00e0 l\u2019entretien et au diagnostic complets. L\u2019AIA Canada intervient maintenant pour combler cette lacune.&nbsp;<\/p>\n\n\n\n<h2 class=\"wp-block-heading\"><strong>La voie l\u00e9gislative \u00e0 suivre<\/strong>&nbsp;<\/h2>\n\n\n\n<p>L\u2019AIA Canada appelle le gouvernement f\u00e9d\u00e9ral \u00e0 adopter une l\u00e9gislation robuste sur le droit \u00e0 la r\u00e9paration qui inclut les \u00e9l\u00e9ments suivants :&nbsp;<\/p>\n\n\n\n<ul class=\"wp-block-list\">\n<li><strong>Imposer l\u2019acc\u00e8s aux donn\u00e9es<\/strong> en exigeant que les F\u00c9O, par r\u00e8glement, partagent toutes les informations n\u00e9cessaires au diagnostic, \u00e0 l\u2019entretien et \u00e0 la r\u00e9paration, conform\u00e9ment \u00e0 des engagements clairs en mati\u00e8re de niveau de service.\u00a0<\/li>\n<\/ul>\n\n\n\n<ul class=\"wp-block-list\">\n<li><strong>Soutenir les emplois qualifi\u00e9s et la fabrication nationale<\/strong> en favorisant un secteur de l&#8217;entretien et de la r\u00e9paration automobile concurrentiel qui soutient plus de 500\u202f000 techniciens et renforce la confiance dans l\u2019achat de v\u00e9hicules fabriqu\u00e9s au Canada.\u00a0<\/li>\n<\/ul>\n\n\n\n<ul class=\"wp-block-list\">\n<li><strong>Stimuler l\u2019innovation et la durabilit\u00e9<\/strong> en permettant aux ateliers ind\u00e9pendants d\u2019utiliser des outils de diagnostic avanc\u00e9s, de prolonger la dur\u00e9e de vie des v\u00e9hicules et de r\u00e9duire le gaspillage, abaissant ainsi le co\u00fbt total de possession et l\u2019impact environnemental.\u00a0<\/li>\n<\/ul>\n\n\n\n<h2 class=\"wp-block-heading\"><strong>Une vision plus large<\/strong>&nbsp;<\/h2>\n\n\n\n<p>Cette question d\u00e9passe largement une seule industrie. Elle touche des enjeux nationaux plus vastes \u2014 r\u00e9silience \u00e9conomique, abordabilit\u00e9, droits des consommateurs et durabilit\u00e9 environnementale. Le march\u00e9 secondaire de l\u2019automobile repr\u00e9sente 43,9\u202fmilliards de dollars d\u2019activit\u00e9 \u00e9conomique et comprend plus de 4\u202f000 entreprises d\u2019un oc\u00e9an \u00e0 l\u2019autre. Ce ne sont pas que des chiffres\u202f; ce sont des familles, des carri\u00e8res et des communaut\u00e9s qui d\u00e9pendent d\u2019un acc\u00e8s \u00e9quitable aux outils et donn\u00e9es dont elles ont besoin pour r\u00e9ussir.&nbsp;<\/p>\n\n\n\n<p>Quand les fournisseurs de r\u00e9paration ind\u00e9pendants sont exclus de l\u2019\u00e9cosyst\u00e8me de r\u00e9paration, ce ne sont pas seulement les entreprises qui souffrent \u2014 ce sont les consommateurs qui paient plus, attendent plus longtemps et ont moins d\u2019options. C\u2019est l\u2019\u00e9conomie qui perd en innovation, en concurrence et en cr\u00e9ation d\u2019emplois. Et c\u2019est l\u2019engagement du Canada envers la durabilit\u00e9 qui est compromis lorsque des v\u00e9hicules r\u00e9parables sont mis hors service trop t\u00f4t.&nbsp;<\/p>\n\n\n\n<h2 class=\"wp-block-heading\"><strong>Perspectives d\u2019avenir<\/strong>&nbsp;<\/h2>\n\n\n\n<p>L\u2019AIA Canada est pr\u00eate \u00e0 collaborer \u00e9troitement avec le Comit\u00e9 permanent des finances de la Chambre des communes et le gouvernement f\u00e9d\u00e9ral pour veiller \u00e0 ce que le Budget 2025 r\u00e9ponde \u00e0 ces enjeux pressants. Avec un cadre l\u00e9gislatif appropri\u00e9, le Canada peut maintenir l\u2019abordabilit\u00e9 pour les conducteurs, b\u00e2tir une industrie de l&#8217;entretien et de la r\u00e9paration automobile plus r\u00e9siliente et inclusive, et permettre aux consommateurs de faire des choix qui correspondent \u00e0 leurs besoins et valeurs.&nbsp;<\/p>\n\n\n\n<p>Pour plus de d\u00e9tails, veuillez communiquer avec <a href=\"emily.holtby@aiacanada.com\" title=\"\">Emily Holtby<\/a>, vice-pr\u00e9sidente, relations gouvernementales, AIA Canada.\u00a0<\/p>\n","protected":false},"featured_media":23125,"parent":0,"menu_order":0,"template":"","format":"standard","news-category":[92,89],"news-backend-category":[100],"class_list":["post-23808","news","type-news","status-publish","format-standard","has-post-thumbnail","hentry","news-category-nouvelles","news-category-relations-gouvernementales","news-backend-category-droit-a-la-reparation"],"acf":[],"aioseo_notices":[],"wpml_current_locale":"fr_CA","wpml_translations":[],"_links":{"self":[{"href":"https:\/\/www.aiacanada.com\/fr\/wp-json\/wp\/v2\/news\/23808","targetHints":{"allow":["GET"]}}],"collection":[{"href":"https:\/\/www.aiacanada.com\/fr\/wp-json\/wp\/v2\/news"}],"about":[{"href":"https:\/\/www.aiacanada.com\/fr\/wp-json\/wp\/v2\/types\/news"}],"wp:featuredmedia":[{"embeddable":true,"href":"https:\/\/www.aiacanada.com\/fr\/wp-json\/wp\/v2\/media\/23125"}],"wp:attachment":[{"href":"https:\/\/www.aiacanada.com\/fr\/wp-json\/wp\/v2\/media?parent=23808"}],"wp:term":[{"taxonomy":"news-category","embeddable":true,"href":"https:\/\/www.aiacanada.com\/fr\/wp-json\/wp\/v2\/news-category?post=23808"},{"taxonomy":"news-backend-category","embeddable":true,"href":"https:\/\/www.aiacanada.com\/fr\/wp-json\/wp\/v2\/news-backend-category?post=23808"}],"curies":[{"name":"wp","href":"https:\/\/api.w.org\/{rel}","templated":true}]}}