{"id":23889,"date":"2025-08-21T06:00:00","date_gmt":"2025-08-21T10:00:00","guid":{"rendered":"https:\/\/www.aiacanada.com\/?post_type=news&#038;p=23889"},"modified":"2025-09-10T11:09:04","modified_gmt":"2025-09-10T15:09:04","slug":"appel-aux-conferenciers-echangez-avec-de-jeunes-professionnels-sur-lia-dans-le-secteur-de-lentretien-et-de-la-reparation-automobile","status":"publish","type":"news","link":"https:\/\/www.aiacanada.com\/fr\/nouvelles\/appel-aux-conferenciers-echangez-avec-de-jeunes-professionnels-sur-lia-dans-le-secteur-de-lentretien-et-de-la-reparation-automobile\/","title":{"rendered":"Appel aux conf\u00e9renciers : \u00c9changez avec de jeunes professionnels sur l\u2019IA dans le secteur de l&#8217;entretien et de la r\u00e9paration automobile"},"content":{"rendered":"\n<p>La communaut\u00e9 des jeunes professionnels dans le secteur de l&#8217;entretien et de la r\u00e9paration automobile (JPSERA) recherche un conf\u00e9rencier captivant pour animer l\u2019atelier vedette lors du prochain rencontre sociale de la communaut\u00e9 des Jeunes professionnels du secteur de l\u2019entretien et de la r\u00e9paration automobile ax\u00e9e sur l\u2019apprentissage et de leadership.&nbsp;<\/p>\n\n\n\n<h2 class=\"wp-block-heading\"><strong>\u00c0 propos de l&#8217;\u00e9v\u00e9nement<\/strong>&nbsp;<\/h2>\n\n\n\n<p>Cet \u00e9v\u00e9nement est con\u00e7u pour r\u00e9unir de jeunes professionnels du secteur de l&#8217;entretien et de la r\u00e9paration automobile pour un apr\u00e8s-midi ax\u00e9 sur le d\u00e9veloppement professionnel, le leadership et des relations enrichissantes. Organis\u00e9 par la communaut\u00e9 des JPSERA, le programme comprendra :&nbsp;<\/p>\n\n\n\n<ul class=\"wp-block-list\">\n<li><strong>Atelier interactif<\/strong> : les participants acquerront des id\u00e9es concr\u00e8tes pour acc\u00e9l\u00e9rer leur carri\u00e8re et se pr\u00e9parer \u00e0 l\u2019avenir de l\u2019industrie.&nbsp;<\/li>\n<\/ul>\n\n\n\n<ul class=\"wp-block-list\">\n<li><strong>\u00c9v\u00e9nement social de r\u00e9seautage<\/strong> : apr\u00e8s l\u2019atelier, les participants auront l\u2019occasion d\u2019\u00e9changer avec leurs pairs et des leaders de l\u2019industrie dans un cadre accueillant et collaboratif.&nbsp;<\/li>\n<\/ul>\n\n\n\n<h2 class=\"wp-block-heading\"><strong>Ce que nous recherchons<\/strong>&nbsp;<\/h2>\n\n\n\n<p>Nous recherchons un professionnel ayant une expertise en intelligence artificielle (IA) et dans le secteur de l&#8217;entretien et de la r\u00e9paration automobile pour offrir un atelier pratique et tourn\u00e9 vers l\u2019avenir. La s\u00e9ance devrait explorer comment l\u2019IA influence :&nbsp;<\/p>\n\n\n\n<ul class=\"wp-block-list\">\n<li>La technologie des v\u00e9hicules et les services dans le secteur de l&#8217;entretien et de la r\u00e9paration automobile&nbsp;<\/li>\n<\/ul>\n\n\n\n<ul class=\"wp-block-list\">\n<li>Les op\u00e9rations commerciales et les processus en milieu de travail&nbsp;<\/li>\n<\/ul>\n\n\n\n<ul class=\"wp-block-list\">\n<li>Les strat\u00e9gies pour que les jeunes professionnels r\u00e9ussissent dans une industrie en \u00e9volution&nbsp;<\/li>\n<\/ul>\n\n\n\n<p>L\u2019atelier id\u00e9al combinera des id\u00e9es pratiques, des strat\u00e9gies concr\u00e8tes et des discussions stimulantes, permettant aux participants de mieux comprendre et tirer parti des changements induits par l\u2019IA dans leur carri\u00e8re et leurs organisations.&nbsp;<\/p>\n\n\n\n<h2 class=\"wp-block-heading\"><strong>Avantages \u00e0 \u00eatre conf\u00e9rencier<\/strong>&nbsp;<\/h2>\n\n\n\n<ul class=\"wp-block-list\">\n<li>Partager votre expertise avec un public dynamique de leaders \u00e9mergents dans le secteur de l&#8217;entretien et de la r\u00e9paration automobile&nbsp;<\/li>\n<\/ul>\n\n\n\n<ul class=\"wp-block-list\">\n<li>Accro\u00eetre votre visibilit\u00e9 au sein de la communaut\u00e9 JPSERA et dans l\u2019ensemble de l\u2019industrie&nbsp;<\/li>\n<\/ul>\n\n\n\n<ul class=\"wp-block-list\">\n<li>Participer \u00e0 des conversations enrichissantes pendant la portion r\u00e9seautage de l\u2019\u00e9v\u00e9nement&nbsp;<\/li>\n<\/ul>\n\n\n\n<h2 class=\"wp-block-heading\"><strong>D\u00e9tails de l&#8217;\u00e9v\u00e9nement<\/strong>&nbsp;&nbsp;<\/h2>\n\n\n\n<p>Lieu : The Drake Hotel, 1150 Queen Street West, Toronto (Ontario)&nbsp;<br>Date : 4 d\u00e9cembre 2025&nbsp;<br>Heure de l\u2019atelier : de 13 h 30 \u00e0 16 h&nbsp;<\/p>\n\n\n\n<p>Veuillez noter que les frais de d\u00e9placement et d\u2019h\u00e9bergement ne sont pas couverts.&nbsp;<\/p>\n\n\n\n<p>Cet \u00e9v\u00e9nement s\u2019adresse aux jeunes professionnels de moins de 45 ans qui construisent leur carri\u00e8re dans le secteur de l&#8217;entretien et de la r\u00e9paration automobile. Les participants n\u2019ont pas besoin d\u2019\u00eatre membres de la communaut\u00e9 JPSERA. Vous n\u2019\u00eates pas encore membre de la communaut\u00e9 JPSERA ? <a href=\"https:\/\/www.aiacanada.com\/fr\/programmes\/communaute-des-jeunes-professionnels-du-secteur-de-lentretien-et-de-la-reparation-automobile\/\" target=\"_blank\" rel=\"noreferrer noopener\">Renseignez-vous et adh\u00e9rez d\u00e8s aujourd\u2019hui<\/a> !&nbsp;<\/p>\n\n\n\n<p><strong>Processus de candidature<\/strong>&nbsp;<\/p>\n\n\n\n<p>Les candidatures sont ouvertes jusqu\u2019au <strong>19 septembre 2025.<\/strong>\u00a0<\/p>\n\n\n\n<p><strong>Soumettez votre candidature d\u00e8s maintenant pour contribuer \u00e0 un \u00e9v\u00e9nement qui fa\u00e7onne la prochaine g\u00e9n\u00e9ration de leaders du secteur de l&#8217;entretien et de la r\u00e9paration automobile.<\/strong>&nbsp;<\/p>\n\n\n<p>D\u00e9sol\u00e9. Ce formulaire n\u2019est plus disponible.<\/p>","protected":false},"featured_media":22874,"parent":0,"menu_order":0,"template":"","format":"standard","news-category":[88,92],"news-backend-category":[102],"class_list":["post-23889","news","type-news","status-publish","format-standard","has-post-thumbnail","hentry","news-category-evenements","news-category-nouvelles","news-backend-category-jeunes-professionnels-du-secteur-de-lentretien-et-de-la-reparation-automobile"],"acf":[],"aioseo_notices":[],"wpml_current_locale":"fr_CA","wpml_translations":[],"_links":{"self":[{"href":"https:\/\/www.aiacanada.com\/fr\/wp-json\/wp\/v2\/news\/23889","targetHints":{"allow":["GET"]}}],"collection":[{"href":"https:\/\/www.aiacanada.com\/fr\/wp-json\/wp\/v2\/news"}],"about":[{"href":"https:\/\/www.aiacanada.com\/fr\/wp-json\/wp\/v2\/types\/news"}],"wp:featuredmedia":[{"embeddable":true,"href":"https:\/\/www.aiacanada.com\/fr\/wp-json\/wp\/v2\/media\/22874"}],"wp:attachment":[{"href":"https:\/\/www.aiacanada.com\/fr\/wp-json\/wp\/v2\/media?parent=23889"}],"wp:term":[{"taxonomy":"news-category","embeddable":true,"href":"https:\/\/www.aiacanada.com\/fr\/wp-json\/wp\/v2\/news-category?post=23889"},{"taxonomy":"news-backend-category","embeddable":true,"href":"https:\/\/www.aiacanada.com\/fr\/wp-json\/wp\/v2\/news-backend-category?post=23889"}],"curies":[{"name":"wp","href":"https:\/\/api.w.org\/{rel}","templated":true}]}}