{"id":25590,"date":"2026-04-29T20:06:17","date_gmt":"2026-04-30T00:06:17","guid":{"rendered":"https:\/\/www.aiacanada.com\/?post_type=news&#038;p=25590"},"modified":"2026-04-29T20:07:10","modified_gmt":"2026-04-30T00:07:10","slug":"mise-a-jour-economique-du-printemps-federale-investissement-majeur-dans-la-main-doeuvre-des-metiers-specialises","status":"publish","type":"news","link":"https:\/\/www.aiacanada.com\/fr\/nouvelles\/mise-a-jour-economique-du-printemps-federale-investissement-majeur-dans-la-main-doeuvre-des-metiers-specialises\/","title":{"rendered":"Mise \u00e0 jour \u00e9conomique du printemps f\u00e9d\u00e9rale : investissement majeur dans la main-d\u2019\u0153uvre des m\u00e9tiers sp\u00e9cialis\u00e9s"},"content":{"rendered":"\n<p>Le ministre des Finances, Fran\u00e7ois-Philippe Champagne, a d\u00e9pos\u00e9 la Mise \u00e0 jour \u00e9conomique du printemps (MEP) 2026 le 28 avril. Il s\u2019agit de la premi\u00e8re mise \u00e0 jour depuis que le gouvernement f\u00e9d\u00e9ral a modifi\u00e9 le cycle budg\u00e9taire l\u2019automne dernier.<\/p>\n\n\n\n<p>Ce qui retient particuli\u00e8rement l\u2019attention des membres de l\u2019AIA Canada est la cr\u00e9ation d\u2019un nouveau fonds de 6 milliards de dollars, \u00ab \u00c9quipe Canada forte \u00bb, visant \u00e0 recruter, former et embaucher de 80 000 \u00e0 100 000 nouveaux travailleurs sp\u00e9cialis\u00e9s certifi\u00e9s Sceau rouge d\u2019ici 2030-2031.<\/p>\n\n\n\n<p>Les principales mesures de soutien comprennent :<\/p>\n\n\n\n<ul class=\"wp-block-list\">\n<li>une subvention de formation en apprentissage de 400 $ par semaine pendant la formation obligatoire en classe (jusqu\u2019\u00e0 16 000 $ par apprenti, en plus de l\u2019assurance-emploi);<\/li>\n\n\n\n<li>une prime de 5 000 $ \u00e0 l\u2019obtention du Sceau rouge;<\/li>\n\n\n\n<li>et jusqu\u2019\u00e0 10 000 $ en subventions salariales pour les PME qui embauchent des apprentis de premi\u00e8re ann\u00e9e dans le cadre du Service d\u2019apprentissage pour b\u00e2tir le Canada, lequel semble accessible aux employeurs syndiqu\u00e9s et non syndiqu\u00e9s.<\/li>\n\n\n\n<li>Le programme pr\u00e9voit \u00e9galement jusqu\u2019\u00e0 quatre mois de stage r\u00e9mun\u00e9r\u00e9 pour les nouveaux entrants, menant directement \u00e0 des apprentissages enregistr\u00e9s.<\/li>\n<\/ul>\n\n\n\n<p>Le soutien \u00e0 la formation des comp\u00e9tences est directement li\u00e9 aux efforts de repr\u00e9sentation de l\u2019AIA Canada aupr\u00e8s du gouvernement f\u00e9d\u00e9ral, o\u00f9 nous avons constamment soulign\u00e9 l\u2019importance d\u2019une main-d\u2019\u0153uvre qualifi\u00e9e capable d\u2019\u00e9quiper les v\u00e9hicules d\u2019aujourd\u2019hui et de demain.<\/p>\n\n\n\n<p><strong>Bien que le programme semble prioriser les m\u00e9tiers li\u00e9s aux infrastructures, les techniciens en entretien automobile sont un m\u00e9tier d\u00e9sign\u00e9 Sceau rouge. Nous y voyons donc une occasion de contribuer \u00e0 att\u00e9nuer la p\u00e9nurie persistante de techniciens qui touche les ateliers de r\u00e9paration et d\u2019entretien partout au Canada.<\/strong><\/p>\n\n\n\n<p>Au cours des prochaines semaines, l\u2019\u00e9quipe des relations gouvernementales de l\u2019AIA Canada fournira davantage d\u2019informations aux membres \u00e0 mesure que les d\u00e9tails du programme seront finalis\u00e9s, afin de s\u2019assurer que notre secteur puisse tirer pleinement parti de cette nouvelle initiative.<\/p>\n\n\n\n<p><em>Des questions ou des commentaires ? Veuillez communiquer avec Emily Holtby, vice-pr\u00e9sidente, relations gouvernementales de l\u2019AIA Canada, \u00e0 l\u2019adresse suivante : <a href=\"mailto:emily.holtby@aiacanada.com\">emily.holtby@aiacanada.com<\/a>.<\/em><\/p>\n","protected":false},"featured_media":23045,"parent":0,"menu_order":0,"template":"","format":"standard","news-category":[87,92,89],"news-backend-category":[94,95,96,97,98,99,101],"class_list":["post-25590","news","type-news","status-publish","format-standard","has-post-thumbnail","hentry","news-category-divisions-fr","news-category-nouvelles","news-category-relations-gouvernementales","news-backend-category-alberta-fr","news-backend-category-atlantique","news-backend-category-colombie-britannique","news-backend-category-manitoba-fr","news-backend-category-ontario-fr","news-backend-category-quebec-fr","news-backend-category-saskatchewan-fr"],"acf":[],"aioseo_notices":[],"wpml_current_locale":"fr_CA","wpml_translations":[],"_links":{"self":[{"href":"https:\/\/www.aiacanada.com\/fr\/wp-json\/wp\/v2\/news\/25590","targetHints":{"allow":["GET"]}}],"collection":[{"href":"https:\/\/www.aiacanada.com\/fr\/wp-json\/wp\/v2\/news"}],"about":[{"href":"https:\/\/www.aiacanada.com\/fr\/wp-json\/wp\/v2\/types\/news"}],"wp:featuredmedia":[{"embeddable":true,"href":"https:\/\/www.aiacanada.com\/fr\/wp-json\/wp\/v2\/media\/23045"}],"wp:attachment":[{"href":"https:\/\/www.aiacanada.com\/fr\/wp-json\/wp\/v2\/media?parent=25590"}],"wp:term":[{"taxonomy":"news-category","embeddable":true,"href":"https:\/\/www.aiacanada.com\/fr\/wp-json\/wp\/v2\/news-category?post=25590"},{"taxonomy":"news-backend-category","embeddable":true,"href":"https:\/\/www.aiacanada.com\/fr\/wp-json\/wp\/v2\/news-backend-category?post=25590"}],"curies":[{"name":"wp","href":"https:\/\/api.w.org\/{rel}","templated":true}]}}