{"id":4087,"date":"2022-04-10T00:00:00","date_gmt":"2022-04-10T04:00:00","guid":{"rendered":"https:\/\/aiacanada.com\/news\/les-initiatives-de-representation-de-laia-canada-en-mars-2022\/"},"modified":"2022-11-15T15:54:06","modified_gmt":"2022-11-15T20:54:06","slug":"les-initiatives-de-representation-de-laia-canada-en-mars-2022","status":"publish","type":"news","link":"https:\/\/www.aiacanada.com\/fr\/nouvelles\/les-initiatives-de-representation-de-laia-canada-en-mars-2022\/","title":{"rendered":"Les initiatives de repr\u00e9sentation de l&#8217;AIA Canada en mars 2022"},"content":{"rendered":"<p>Au cours du mois de mars, l\u2019AIA Canada a particip\u00e9 \u00e0 deux \u00e9v\u00e9nements importants. Le premier \u00e9v\u00e9nement, une discussion en table ronde sur l\u2019innovation, avait lieu le 16 mars dans la r\u00e9gion de Milton\/Halton, sous la direction du ministre de l\u2019Innovation, des Sciences et du D\u00e9veloppement \u00e9conomique. Un membre de l\u2019AIA Canada, Daryll O\u2019Keefe du R\u00e9seau Fix, participait \u00e0 l\u2019\u00e9v\u00e9nement. Daryll s\u2019est adress\u00e9 au ministre dans le but de partager des renseignements sur le centre de formation et de perfectionnement de son entreprise, situ\u00e9 \u00e0 Milton, qui est en mesure de former la main-d\u2019\u0153uvre de l\u2019industrie au moyen de mat\u00e9riel, de fournitures et de processus \u00e0 la fine pointe de la technologie. Daryll a aussi abord\u00e9 la question du droit \u00e0 la r\u00e9paration; le ministre en a pris note, reconnaissant que l\u2019innovation ne saurait se faire au d\u00e9triment de l\u2019industrie de la r\u00e9paration.<\/p>\n<p>En second lieu, l\u2019AIA Canada participait le 25 mars dernier \u00e0 un congr\u00e8s auquel prenait part le ministre de l\u2019Emploi et du D\u00e9veloppement social du Canada. Le ministre a entretenu les congressistes sur les programmes et les initiatives visant \u00e0 r\u00e9soudre la p\u00e9nurie de main-d\u2019\u0153uvre, \u00e0 soutenir le d\u00e9veloppement de la main-d\u2019\u0153uvre et \u00e0 moderniser le r\u00e9gime d\u2019assurance emploi. Le ministre a sugg\u00e9r\u00e9 que, pour venir \u00e0 bout de l\u2019actuelle p\u00e9nurie de main-d\u2019\u0153uvre, une partie de la solution consiste \u00e0 promouvoir aupr\u00e8s des jeunes les m\u00e9tiers qualifi\u00e9s comme premier choix, et \u00e0 faciliter l\u2019acc\u00e8s des employeurs \u00e0 la main-d\u2019\u0153uvre par l\u2019entremise du programme des travailleurs \u00e9trangers temporaires.<\/p>\n","protected":false},"featured_media":14111,"parent":0,"menu_order":0,"template":"","format":"standard","news-category":[87,62,92,89],"news-backend-category":[94,95,96,100,97,98,99,70,101],"class_list":["post-4087","news","type-news","status-publish","format-standard","has-post-thumbnail","hentry","news-category-divisions-fr","news-category-news","news-category-nouvelles","news-category-relations-gouvernementales","news-backend-category-alberta-fr","news-backend-category-atlantique","news-backend-category-colombie-britannique","news-backend-category-droit-a-la-reparation","news-backend-category-manitoba-fr","news-backend-category-ontario-fr","news-backend-category-quebec-fr","news-backend-category-right-to-repair","news-backend-category-saskatchewan-fr"],"acf":[],"aioseo_notices":[],"wpml_current_locale":"fr_CA","wpml_translations":[],"_links":{"self":[{"href":"https:\/\/www.aiacanada.com\/fr\/wp-json\/wp\/v2\/news\/4087","targetHints":{"allow":["GET"]}}],"collection":[{"href":"https:\/\/www.aiacanada.com\/fr\/wp-json\/wp\/v2\/news"}],"about":[{"href":"https:\/\/www.aiacanada.com\/fr\/wp-json\/wp\/v2\/types\/news"}],"wp:featuredmedia":[{"embeddable":true,"href":"https:\/\/www.aiacanada.com\/fr\/wp-json\/wp\/v2\/media\/14111"}],"wp:attachment":[{"href":"https:\/\/www.aiacanada.com\/fr\/wp-json\/wp\/v2\/media?parent=4087"}],"wp:term":[{"taxonomy":"news-category","embeddable":true,"href":"https:\/\/www.aiacanada.com\/fr\/wp-json\/wp\/v2\/news-category?post=4087"},{"taxonomy":"news-backend-category","embeddable":true,"href":"https:\/\/www.aiacanada.com\/fr\/wp-json\/wp\/v2\/news-backend-category?post=4087"}],"curies":[{"name":"wp","href":"https:\/\/api.w.org\/{rel}","templated":true}]}}