{"id":4100,"date":"2022-01-31T00:00:00","date_gmt":"2022-01-31T05:00:00","guid":{"rendered":"https:\/\/aiacanada.com\/news\/plaidez-la-cause-du-marche-secondaire\/"},"modified":"2022-11-15T17:02:11","modified_gmt":"2022-11-15T22:02:11","slug":"plaidez-la-cause-du-marche-secondaire","status":"publish","type":"news","link":"https:\/\/www.aiacanada.com\/fr\/nouvelles\/plaidez-la-cause-du-marche-secondaire\/","title":{"rendered":"Plaidez la cause du march\u00e9 secondaire"},"content":{"rendered":"<p>En collaboration avec la Coalition des manufacturiers du Canada, l\u2019AIA Canada a r\u00e9cemment particip\u00e9 \u00e0 une discussion en table ronde avec l\u2019honorable Fran\u00e7ois-Philippe Champagne, ministre de l\u2019Innovation, des Sciences et de l\u2019Industrie. Au cours de la rencontre, nous avons soulev\u00e9 certaines pr\u00e9occupations que partagent de nombreuses industries : p\u00e9nuries de main-d\u2019\u0153uvre, ruptures des cha\u00eenes d\u2019approvisionnement et protectionnisme commercial. L\u2019AIA Canada poursuit son travail aupr\u00e8s du gouvernement afin de venir \u00e0 bout de ces probl\u00e8mes et de s\u2019assurer que ses membres sont en mesure de soutenir la croissance au Canada et de r\u00e9parer les v\u00e9hicules de l\u2019avenir.<\/p>\n<p>Mais nous avons besoin de votre aide!<\/p>\n<p>Aux quatre coins du pays, des membres de l\u2019AIA Canada comme vous prennent la d\u00e9fense de notre secteur en interc\u00e9dant aupr\u00e8s de leurs d\u00e9put\u00e9s respectifs afin de leur faire prendre conscience de la n\u00e9cessit\u00e9 urgente d\u2019une l\u00e9gislation sur le droit \u00e0 la r\u00e9paration. Comme il ne reste plus beaucoup de temps pour remettre cette l\u00e9gislation \u00e0 l\u2019ordre du jour des travaux de la Chambre des communes, il va sans dire que ces actions populaires men\u00e9es \u00e0 l\u2019\u00e9chelle locale seront vitales pour notre r\u00e9ussite.<\/p>\n<p>Aimeriez-vous rencontrer le d\u00e9put\u00e9 de votre circonscription? Faites-le savoir! Communiquez avec Alana Baker, directrice principale des relations gouvernementales, par <a href=\"mailto:Alana.baker@aiacanada.com\"><strong>courriel<\/strong><\/a> ou par t\u00e9l\u00e9phone en composant le 613 299?4017, et l\u2019AIA Canada prendra tous les arrangements pour vous.<\/p>\n<figure><img decoding=\"async\" src=\"https:\/\/www.aiacanada.com\/wp-content\/uploads\/2022\/09\/ON-meeting.png\" data-instance-id=\"c2274cea-1e90-431e-8d57-ed3f303882d3\"><\/figure>\n<p><em>R\u00e9union avec le ministre Champagne<\/em><\/p>\n","protected":false},"featured_media":14111,"parent":0,"menu_order":0,"template":"","format":"standard","news-category":[62,92,89],"news-backend-category":[100],"class_list":["post-4100","news","type-news","status-publish","format-standard","has-post-thumbnail","hentry","news-category-news","news-category-nouvelles","news-category-relations-gouvernementales","news-backend-category-droit-a-la-reparation"],"acf":[],"aioseo_notices":[],"wpml_current_locale":"fr_CA","wpml_translations":[],"_links":{"self":[{"href":"https:\/\/www.aiacanada.com\/fr\/wp-json\/wp\/v2\/news\/4100","targetHints":{"allow":["GET"]}}],"collection":[{"href":"https:\/\/www.aiacanada.com\/fr\/wp-json\/wp\/v2\/news"}],"about":[{"href":"https:\/\/www.aiacanada.com\/fr\/wp-json\/wp\/v2\/types\/news"}],"wp:featuredmedia":[{"embeddable":true,"href":"https:\/\/www.aiacanada.com\/fr\/wp-json\/wp\/v2\/media\/14111"}],"wp:attachment":[{"href":"https:\/\/www.aiacanada.com\/fr\/wp-json\/wp\/v2\/media?parent=4100"}],"wp:term":[{"taxonomy":"news-category","embeddable":true,"href":"https:\/\/www.aiacanada.com\/fr\/wp-json\/wp\/v2\/news-category?post=4100"},{"taxonomy":"news-backend-category","embeddable":true,"href":"https:\/\/www.aiacanada.com\/fr\/wp-json\/wp\/v2\/news-backend-category?post=4100"}],"curies":[{"name":"wp","href":"https:\/\/api.w.org\/{rel}","templated":true}]}}