{"id":4243,"date":"2020-04-29T00:00:00","date_gmt":"2020-04-29T04:00:00","guid":{"rendered":"https:\/\/aiacanada.com\/news\/laia-canada-annonce-des-changements-a-son-conseil-dadministration-et-presente-le-laureat-du-prix-jeune-cadre-de-lannee-lors-de-son-assemblee-generale-annuelle-en-ligne\/"},"modified":"2025-05-20T14:07:27","modified_gmt":"2025-05-20T18:07:27","slug":"laia-canada-annonce-des-changements-a-son-conseil-dadministration-et-presente-le-laureat-du-prix-jeune-cadre-de-lannee-lors-de-son-assemblee-generale-annuelle-en-ligne","status":"publish","type":"news","link":"https:\/\/www.aiacanada.com\/fr\/nouvelles\/laia-canada-annonce-des-changements-a-son-conseil-dadministration-et-presente-le-laureat-du-prix-jeune-cadre-de-lannee-lors-de-son-assemblee-generale-annuelle-en-ligne\/","title":{"rendered":"L\u2019AIA Canada annonce des changements \u00e0 son conseil d\u2019administration et pr\u00e9sente le laur\u00e9at du prix Jeune cadre de l\u2019ann\u00e9e lors de son assembl\u00e9e g\u00e9n\u00e9rale annuelle en ligne"},"content":{"rendered":"<p><strong>Ottawa, ON, 29 avril 2020<\/strong> \u2014 L\u2019Association des industries de l\u2019automobile du Canada (AIA Canada) est heureuse d\u2019annoncer l\u2019\u00e9lection de cinq nouveaux administrateurs au sein de son conseil d\u2019administration de 2020-2021, ainsi que d\u2019autres changements \u00e0 son conseil d\u2019administration, lors de sa 78e assembl\u00e9e g\u00e9n\u00e9rale annuelle (AGA) tenue le 29 avril 2020. \u00c0 cause de la pand\u00e9mie de COVID-19 en cours, l\u2019AGA de cette ann\u00e9e s\u2019est tenue en ligne.<\/p>\n<p>L\u2019AIA est fi\u00e8re d\u2019annoncer l\u2019\u00e9lection de Susan Hitchon \u00e0 titre de premi\u00e8re femme \u00e0 assurer la pr\u00e9sidence de l\u2019organisation. Nous soulignons \u00e9galement la remise \u00e0 Derek Suen, de Dorman Products, du prix Jeune cadre de l\u2019ann\u00e9e du comit\u00e9 des Jeunes professionnels du march\u00e9 secondaire.<\/p>\n<h2><strong>Conseil d\u2019administration<\/strong><\/h2>\n<p>Les nouveaux administrateurs \u00e9lus:<\/p>\n<figure><strong><img decoding=\"async\" src=\"https:\/\/www.aiacanada.com\/wp-content\/uploads\/2022\/09\/Steve_Leal_Photo_202004.jpg\" data-instance-id=\"de3db2b7-8301-4ea8-9b9e-1cba3bf6e5b1\"><\/strong><\/figure>\n<p><strong>Steve Leal \u2022 <\/strong><em>pr\u00e9sident et chef de la direction \u2022 Fix Network (pour un nouveau mandat de 3 ans)<\/em><\/p>\n<p>Steve Leal s\u2019est joint \u00e0 Fix Network en 2004 \u00e0 titre de franchis\u00e9. En 2011, il a \u00e9t\u00e9 nomm\u00e9 directeur de l\u2019exploitation de Fix Auto Canada, charg\u00e9 de superviser les processus d\u2019exploitation du concept Fix Auto. En 2013, M. Leal est devenu le principal actionnaire de Fix Auto Canada et en 2014, il a achet\u00e9 les droits de la marque Fix Auto \u00e0 l\u2019\u00e9chelle mondiale. Il est devenu actionnaire majoritaire de Fix Auto Canada et de Mondofix, franchiseur principal mondial de Fix Auto World, en 2015.<\/p>\n<p>Lisez la biographie compl\u00e8te de Steve <a href=\"https:\/\/files.constantcontact.com\/90c34dd5201\/2c20af7c-9ed7-4e1b-a8df-b596c96bd73d.pdf\" target=\"_blank\" rel=\"noopener noreferrer\"><strong>ici<\/strong><\/a>.<\/p>\n<figure><strong><img decoding=\"async\" src=\"https:\/\/www.aiacanada.com\/wp-content\/uploads\/2022\/09\/Shannon-Spano_Photo_202004.jpg\" data-instance-id=\"52911331-f5a7-4430-8878-a54684b0ee1e\"><\/strong><\/figure>\n<p><strong>Shannon Spano \u2022 <\/strong><em>vice-pr\u00e9sidente, ventes \u2022 Wakefield Canada<\/em><\/p>\n<p>Shannon Spano a commenc\u00e9 sa carri\u00e8re dans le march\u00e9 secondaire de l\u2019automobile en 2006 en se joignant \u00e0 l\u2019\u00e9quipe de Wakefield. Elle y a tenu des r\u00f4les progressifs dans la gestion de produits, de comptes strat\u00e9giques et des ventes au d\u00e9tail nationales. Madame Spano dirige actuellement l\u2019\u00e9quipe des ventes nationales et de l\u2019exp\u00e9rience client chez Wakefield Canada, \u00e0 titre de vice-pr\u00e9sidente, ventes. En 2018, elle fut laur\u00e9ate du prix Jeune cadre de l\u2019ann\u00e9e de l\u2019AIA.<\/p>\n<p>Lisez la biographie compl\u00e8te de Shannon <a href=\"https:\/\/files.constantcontact.com\/90c34dd5201\/2c20af7c-9ed7-4e1b-a8df-b596c96bd73d.pdf\" target=\"_blank\" rel=\"noopener noreferrer\"><strong>ici<\/strong><\/a>.<\/p>\n<figure><strong><img decoding=\"async\" src=\"https:\/\/www.aiacanada.com\/wp-content\/uploads\/2022\/09\/Bruno-Leclair_Photo_202004.jpg\" data-instance-id=\"8ff00d4d-5fc3-461a-8f4e-1a4f3bf4da38\"><\/strong><\/figure>\n<p><strong>Bruno Leclair, ing. \u2022 <\/strong><em>pr\u00e9sident et chef de la direction \u2022 Unimax\/Point S Canada, Distribution Stox<\/em><\/p>\n<p>Bruno Leclair a acquis 35 ans d\u2019exp\u00e9rience dans des march\u00e9s et entreprises d\u2019Am\u00e9rique du Nord et du monde entier. Depuis neuf ans, Bruno est pr\u00e9sident et chef de la direction de Unimax\/Point S Canada. Il a \u00e9galement jou\u00e9 un r\u00f4le moteur dans la cr\u00e9ation de Distribution Stox, qu\u2019il pr\u00e9side \u00e9galement.<\/p>\n<p>Lisez la biographie compl\u00e8te de Bruno <a href=\"https:\/\/files.constantcontact.com\/90c34dd5201\/2c20af7c-9ed7-4e1b-a8df-b596c96bd73d.pdf\" target=\"_blank\" rel=\"noopener noreferrer\"><strong>ici<\/strong><\/a>.<\/p>\n<figure><strong><img decoding=\"async\" src=\"https:\/\/www.aiacanada.com\/wp-content\/uploads\/2022\/09\/Ryan-Bruno_Photo_202004.jpg\" data-instance-id=\"79bb7765-47bf-4d83-939e-6aa0c3243f5d\"><\/strong><\/figure>\n<p><strong>Ryan Bruno \u2022 <\/strong><em>directeur financier \u2022 CSN Collision Centres <\/em><\/p>\n<p>Ryan Bruno a commenc\u00e9 \u00e0 travailler dans le march\u00e9 secondaire en tant que gestionnaire de l\u2019entreprise familiale de carrosserie tout au long de ses \u00e9tudes au coll\u00e8ge et \u00e0 l\u2019universit\u00e9. Tout au long de sa carri\u00e8re, Ryan a occup\u00e9 des postes \u00e0 responsabilit\u00e9 croissante dans de nombreuses organisations canadiennes de premier plan, notamment la Banque du Canada, Valeurs mobili\u00e8res TD, Bell Canada et Assurance Economical. Ryan est le directeur financier de CSN Collision Centres depuis 2018.<\/p>\n<p>Lisez la biographie compl\u00e8te de Ryan <a href=\"https:\/\/files.constantcontact.com\/90c34dd5201\/2c20af7c-9ed7-4e1b-a8df-b596c96bd73d.pdf\" target=\"_blank\" rel=\"noopener noreferrer\"><strong>ici<\/strong><\/a>.<\/p>\n<figure><strong><img decoding=\"async\" src=\"https:\/\/www.aiacanada.com\/wp-content\/uploads\/2022\/09\/Bill_Hay.jpg\" data-instance-id=\"3eb91b7c-f425-44fe-8fa7-47ccbd741931\"><\/strong><\/figure>\n<p><strong>Bill Hay \u2022 <\/strong><em>pr\u00e9sident \u2022 Bestbuy Distributors Limited<\/em><\/p>\n<p>La carri\u00e8re de Bill dans l\u2019industrie automobile a commenc\u00e9 dans le secteur de la fabrication chez Dayco Canada, o\u00f9 il a occup\u00e9 divers postes. Plus tard, Bill a chang\u00e9 de cap et s\u2019est orient\u00e9 vers la distribution. Il a d\u2019abord grossi les rangs d\u2019Uni-Select Canada en tant que vice-pr\u00e9sident r\u00e9gional responsable de l\u2019Ontario, du Manitoba et du Canada atlantique. Plus r\u00e9cemment, Bill s\u2019est joint \u00e0 Bestbuy Distributors Limited en tant que pr\u00e9sident.<\/p>\n<p>Lisez la biographie compl\u00e8te de Bill <a href=\"https:\/\/files.constantcontact.com\/90c34dd5201\/2c20af7c-9ed7-4e1b-a8df-b596c96bd73d.pdf\" target=\"_blank\" rel=\"noopener noreferrer\"><strong>ici<\/strong><\/a>.<\/p>\n<p>Ces nouveaux administrateurs seront en poste jusqu\u2019\u00e0 la AGA en 2023.<\/p>\n<p>Le comit\u00e9 ex\u00e9cutif du conseil d\u2019administration sera maintenant compos\u00e9 des personnes suivantes :<\/p>\n<ul>\n<li><strong>Susan Hitchon<\/strong>, directrice du d\u00e9veloppement des affaires chez Automotive Aftermarket E-Learning Centre Ltd., a \u00e9t\u00e9 \u00e9lue \u00e0 titre de pr\u00e9sidente;<\/li>\n<li><strong>Bob Jaworski<\/strong>, pr\u00e9sident et directeur g\u00e9n\u00e9ral chez Auto Electric Service, a \u00e9t\u00e9 \u00e9lu \u00e0 titre de vice-pr\u00e9sident;<\/li>\n<li><strong>Jason Best<\/strong>, vice-pr\u00e9sident principal, ventes chez Uni-Select, a \u00e9t\u00e9 \u00e9lu \u00e0 titre de pr\u00e9sident sortant.<\/li>\n<\/ul>\n<p>De plus, l\u2019AIA Canada aimerait profiter de cette occasion pour remercier les anciens administrateurs Bob Greenwood, Tony Del Vasto, Brent Hesje, Brent Windom et Rick Orser pour leur engagement et leurs services au sein du conseil d\u2019administration.<\/p>\n<p>Les autres administrateurs du conseil d\u2019administration de l\u2019AIA Canada restent en place.<\/p>\n<p>Vous pouvez consulter la liste compl\u00e8te des membres du conseil d\u2019administration de l\u2019AIA Canada <a href=\"https:\/\/www.aiacanada.com\/fr\/qui-nous-sommes\/notre-conseil-dadministration.html\" target=\"_blank\" rel=\"noopener noreferrer\"><strong>ici<\/strong><\/a>.<\/p>\n<h2><strong>Prix Jeune cadre de l\u2019ann\u00e9e remis pas le comit\u00e9 des Jeunes professionnels du march\u00e9 secondaire (JPMS)<\/strong><\/h2>\n<p>Le prix Jeune cadre de l\u2019ann\u00e9e est remis chaque ann\u00e9e par le comit\u00e9 JPMS \u00e0 un jeune professionnel du march\u00e9 secondaire s\u2019\u00e9tant d\u00e9marqu\u00e9 par son engagement envers l\u2019industrie, son leadership et son innovation.<\/p>\n<figure><strong><img decoding=\"async\" src=\"https:\/\/www.aiacanada.com\/wp-content\/uploads\/2022\/09\/Derek-Suen-YPA-Headshot.jpg\" data-instance-id=\"ef025beb-000a-4164-b88b-51055d4cadb2\"><\/strong><\/figure>\n<p><strong>Derek Suen \u2022 <\/strong><em>directeur , d\u00e9veloppement de produits et innovation \u2022 Dorman Products<\/em><\/p>\n<p>Derek Suen est actuellement le directeur de l\u2019\u00e9quipe de d\u00e9veloppement des nouveaux produits chez Dorman Products. En plus de ses dix ans d\u2019exp\u00e9rience en id\u00e9ation et en gestion de produits, il a travaill\u00e9 pour plusieurs multinationales, occupant des postes dans les domaines de la comptabilit\u00e9, de la finance et de la cha\u00eene d\u2019approvisionnement. Derek est titulaire d\u2019une ma\u00eetrise en administration des affaires de l\u2019Universit\u00e9 Wilfred-Laurier. Il est un membre actif du comit\u00e9 JPMS.<\/p>\n<p>Lisez la biographie compl\u00e8te de Derek <a href=\"https:\/\/files.constantcontact.com\/90c34dd5201\/f2f19e65-6e13-4eb0-bbb8-acdd6166162c.pdf\" target=\"_blank\" rel=\"noopener noreferrer\"><strong>ici<\/strong><\/a>.<\/p>\n<p class=\"has-text-align-center\">-30-<\/p>\n<h2><strong>\u00c0 propos du prix Jeune leader de l\u2019ann\u00e9e<\/strong><\/h2>\n<p>Le prix Jeune leader de l\u2019ann\u00e9e est d\u00e9cern\u00e9 tous les ans \u00e0 un jeune membre du personnel d\u2019exception pour souligner son d\u00e9vouement envers l\u2019industrie, son sens du leadership et son esprit d\u2019innovation. Le prix a \u00e9t\u00e9 cr\u00e9\u00e9 en 2007 par la Soci\u00e9t\u00e9 des jeunes cadres (SJC) (maintenant le Comit\u00e9 des Jeunes professionnels du march\u00e9 secondaire (JPMS)) afin de procurer aux soci\u00e9t\u00e9s membres la possibilit\u00e9 de reconna\u00eetre des membres de leur personnel ayant eu un effet positif tangible sur leur entreprise, leur collectivit\u00e9 et l\u2019industrie.<\/p>\n<h2><strong>\u00c0 propos de l&#8217;AIA Canada<\/strong><\/h2>\n<p>L&#8217;Association des industries de l&#8217;automobile (AIA) du Canada est l&#8217;association sectorielle nationale qui regroupe l&#8217;ensemble de la cha\u00eene d&#8217;approvisionnement et de services du march\u00e9 secondaire de l&#8217;automobile. La mission de l&#8217;AIA consiste \u00e0 promouvoir, \u00e0 former et \u00e0 repr\u00e9senter nos membres quant \u00e0 tous les aspects touchant la croissance et la prosp\u00e9rit\u00e9 de l&#8217;industrie. Pour plus de renseignements, visitez <a href=\"http:\/\/www.aiacanada.com\/fr\/\" target=\"_blank\" rel=\"noopener noreferrer\"><strong>www.aiacanada.com<\/strong><\/a> et suivez-nous sur <a href=\"https:\/\/www.linkedin.com\/company\/aia-canada\/\" target=\"_blank\" rel=\"noopener noreferrer\"><strong>LinkedIn<\/strong><\/a>, <strong>Twitter<\/strong> et <a href=\"https:\/\/www.facebook.com\/AIAofCanada\/\" target=\"_blank\" rel=\"noopener noreferrer\"><strong>Facebook<\/strong><\/a>.<\/p>\n<h2><strong>Ressource pour les m\u00e9dias de l&#8217;AIA Canada<\/strong><\/h2>\n<p>Services des communications, AIA Canada<\/p>\n<p>1-800-808-2920, poste 285<\/p>\n<p><a href=\"mailto:communications@aiacanada.com\" target=\"_blank\" rel=\"noopener noreferrer\"><strong>communications@aiacanada.com<\/strong><\/a><\/p>\n","protected":false},"featured_media":4399,"parent":0,"menu_order":0,"template":"","format":"standard","news-category":[93,88,92,63],"news-backend-category":[102,72],"class_list":["post-4243","news","type-news","status-publish","format-standard","has-post-thumbnail","hentry","news-category-communiques-de-presse","news-category-evenements","news-category-nouvelles","news-category-press-releases","news-backend-category-jeunes-professionnels-du-secteur-de-lentretien-et-de-la-reparation-automobile","news-backend-category-young-professionals-in-the-auto-care-sector"],"acf":[],"aioseo_notices":[],"wpml_current_locale":"fr_CA","wpml_translations":[],"_links":{"self":[{"href":"https:\/\/www.aiacanada.com\/fr\/wp-json\/wp\/v2\/news\/4243","targetHints":{"allow":["GET"]}}],"collection":[{"href":"https:\/\/www.aiacanada.com\/fr\/wp-json\/wp\/v2\/news"}],"about":[{"href":"https:\/\/www.aiacanada.com\/fr\/wp-json\/wp\/v2\/types\/news"}],"wp:featuredmedia":[{"embeddable":true,"href":"https:\/\/www.aiacanada.com\/fr\/wp-json\/wp\/v2\/media\/4399"}],"wp:attachment":[{"href":"https:\/\/www.aiacanada.com\/fr\/wp-json\/wp\/v2\/media?parent=4243"}],"wp:term":[{"taxonomy":"news-category","embeddable":true,"href":"https:\/\/www.aiacanada.com\/fr\/wp-json\/wp\/v2\/news-category?post=4243"},{"taxonomy":"news-backend-category","embeddable":true,"href":"https:\/\/www.aiacanada.com\/fr\/wp-json\/wp\/v2\/news-backend-category?post=4243"}],"curies":[{"name":"wp","href":"https:\/\/api.w.org\/{rel}","templated":true}]}}