{"id":4252,"date":"2020-03-25T00:00:00","date_gmt":"2020-03-25T04:00:00","guid":{"rendered":"https:\/\/aiacanada.com\/news\/lindustrie-du-marche-secondaire-declaree-essentielle-en-ontario-et-au-quebec-quest-ce-que-cela-signifie-pour-votre-entreprise\/"},"modified":"2022-11-15T15:23:28","modified_gmt":"2022-11-15T20:23:28","slug":"lindustrie-du-marche-secondaire-declaree-essentielle-en-ontario-et-au-quebec-quest-ce-que-cela-signifie-pour-votre-entreprise","status":"publish","type":"news","link":"https:\/\/www.aiacanada.com\/fr\/nouvelles\/lindustrie-du-marche-secondaire-declaree-essentielle-en-ontario-et-au-quebec-quest-ce-que-cela-signifie-pour-votre-entreprise\/","title":{"rendered":"L\u2019industrie du march\u00e9 secondaire d\u00e9clar\u00e9e essentielle en Ontario et au Qu\u00e9bec. Qu\u2019est-ce que cela signifie pour votre entreprise?"},"content":{"rendered":"<p>En raison de la r\u00e9ponse en cours \u00e0 la COVID-19, les derni\u00e8res semaines ont \u00e9t\u00e9 marqu\u00e9es par des d\u00e9fis incessants et en continuelle \u00e9volution pour les entreprises du march\u00e9 secondaire de l\u2019automobile. Plus r\u00e9cemment, les gouvernements de l\u2019Ontario et du Qu\u00e9bec ont d\u00e9clar\u00e9 que le march\u00e9 secondaire \u00e9tait une industrie essentielle.<\/p>\n<p>En tant que VOIX et RESSOURCE du march\u00e9 secondaire de l\u2019automobile, nous avons \u00e9labor\u00e9 quelques lignes directrices pour vous aider \u00e0 vous retrouver au sein de cette nouvelle r\u00e9alit\u00e9 :<\/p>\n<ul>\n<li>La d\u00e9signation d\u2019entreprise essentielle <strong>ne signifie pas qu\u2019un atelier doit rester ouvert<\/strong>, mais qu\u2019<strong>il peut rester ouvert<\/strong>, alors que des entreprises non essentielles ont plut\u00f4t re\u00e7u l\u2019ordre de demeurer ferm\u00e9es.<\/li>\n<li><strong>La d\u00e9cision de rester ouvert appartient \u00e0 chaque entreprise.<\/strong><\/li>\n<li>L\u2019AIA Canada ne peut ni d\u00e9cider ni recommander qu\u2019une entreprise ou un atelier reste ouvert ou ferm\u00e9.<\/li>\n<li>Le travail devrait se limiter \u00e0 la prestation de services et d\u2019entretien au profit d\u2019autres industries et personnes d\u00e9sign\u00e9es comme \u00e9tant des services essentiels par les autorit\u00e9s locales, provinciales et f\u00e9d\u00e9rales.<\/li>\n<li>N\u2019oubliez pas que les employeurs ont le devoir de prot\u00e9ger la sant\u00e9 et la s\u00e9curit\u00e9 de leur personnel et de leurs clients.<\/li>\n<\/ul>\n<p>Si vous choisissez de garder votre entreprise ouverte pendant cette p\u00e9riode, l\u2019AIA Canada vous propose quelques mesures \u00e0 prendre pour vous aider \u00e0 assurer votre s\u00e9curit\u00e9 et celle de vos clients :<\/p>\n<ul>\n<li><strong>En tout temps, suivez les conseils et les directives fournis par les autorit\u00e9s sanitaires municipales, provinciales et f\u00e9d\u00e9rales.<\/strong><\/li>\n<li>Les employ\u00e9s qui sont malades, qui pr\u00e9sentent des sympt\u00f4mes ou qui font partie d\u2019un groupe \u00e0 risque \u00e9lev\u00e9 doivent rester chez eux.<\/li>\n<li>Pr\u00e9voyez du d\u00e9sinfectant pour les mains et du savon pour le nettoyage fr\u00e9quent des mains.<\/li>\n<li>Les clients et les fournisseurs ne doivent pas entrer dans l\u2019atelier. Vous avez le droit de contr\u00f4ler les clients et de leur refuser l\u2019entr\u00e9e pour des raisons de sant\u00e9 et de s\u00e9curit\u00e9. (voir la <a href=\"https:\/\/www.commercedetail.org\/coronavirus-mises-a-jour-et-ressources\/faq-pour-les-detaillants-sur-covid-19\/\"><strong>FAQ <\/strong><\/a>sur la COVID-19 du Conseil canadien du commerce de d\u00e9tail)<\/li>\n<li>\u00c9talez les quarts de travail, les pauses et les heures de d\u00e9jeuner pour diminuer l\u2019interaction entre les membres du personnel et augmenter la distanciation.<\/li>\n<li>Dans la mesure du possible, utilisez un format num\u00e9rique pour les r\u00e9unions du personnel.<\/li>\n<li>Planifiez les rendez-vous de mani\u00e8re \u00e0 limiter le nombre de personnes pr\u00e9sentes au m\u00eame moment dans vos locaux.<\/li>\n<li>Utilisez autant que possible l\u2019estimation par photos.<\/li>\n<li>Les v\u00e9hicules doivent \u00eatre soigneusement d\u00e9sinfect\u00e9s lorsque les clients vous les laissent et lorsqu\u2019ils leur sont rendus.<\/li>\n<li>Toutes les mesures prises par votre atelier pendant cette p\u00e9riode doivent \u00eatre clairement communiqu\u00e9es au personnel et aux clients, qui doivent les suivre \u00e0 la lettre.<\/li>\n<\/ul>\n<p>Vous trouverez ici des ressources suppl\u00e9mentaires sur les mesures que vous pouvez prendre pour prot\u00e9ger vos employ\u00e9s et vos clients :<\/p>\n<ul>\n<li><a href=\"https:\/\/www.canada.ca\/fr\/sante-publique\/services\/maladies\/2019-nouveau-coronavirus\/professionnels-sante\/mesures-sante-publique-utilisees-reduire-covid-19.html\"><strong>Mesures communautaires de sant\u00e9 publique pour att\u00e9nuer la propagation des maladies \u00e0 coronavirus (COVID-19) au Canada<\/strong><\/a> (gouvernement du Canada)<\/li>\n<li><a href=\"https:\/\/www.commercedetail.org\/coronavirus-mises-a-jour-et-ressources\/faq-pour-les-detaillants-sur-covid-19\/\"><strong>FAQ pour les d\u00e9taillants sur la COVID-19<\/strong><\/a> (Conseil canadien du commerce de d\u00e9tail)<\/li>\n<\/ul>\n<p>Pour obtenir les derni\u00e8res informations sur la COVID-19 et la r\u00e9ponse de l\u2019AIA Canada, veuillez consulter notre<a href=\"https:\/\/www.aiacanada.com\/fr\/coronavirus-et-le-marche-secondaire.html\"><strong> page de ressources sur le coronavirus<\/strong><\/a>.<\/p>\n<p>Si vous avez des questions ou des pr\u00e9occupations, n\u2019h\u00e9sitez pas \u00e0 nous contacter \u00e0 notre adresse \u00e9lectronique d\u00e9di\u00e9e \u00e0 la COVID-19, <a href=\"mailto:covid19@aiacanadacom\"><strong>covid19@aiacanada.com<\/strong><\/a>.<\/p>\n<p><strong>Pensez \u00e0 votre s\u00e9curit\u00e9 et restez en bonne sant\u00e9.<\/strong><\/p>\n<p><em>* L\u2019AIA Canada d\u00e9cline toute responsabilit\u00e9 \u00e0 l\u2019\u00e9gard des liens et du contenu de tiers. Soulignons que le contenu \u00e9volue avec la situation. Veuillez accorder en tout temps la priorit\u00e9 \u00e0 votre sant\u00e9 et votre s\u00e9curit\u00e9 ainsi qu\u2019\u00e0 celles de votre personnel.<\/em><\/p>\n","protected":false},"featured_media":4397,"parent":0,"menu_order":0,"template":"","format":"standard","news-category":[87,62,92,89],"news-backend-category":[98,69,99],"class_list":["post-4252","news","type-news","status-publish","format-standard","has-post-thumbnail","hentry","news-category-divisions-fr","news-category-news","news-category-nouvelles","news-category-relations-gouvernementales","news-backend-category-ontario-fr","news-backend-category-quebec","news-backend-category-quebec-fr"],"acf":[],"aioseo_notices":[],"wpml_current_locale":"fr_CA","wpml_translations":[],"_links":{"self":[{"href":"https:\/\/www.aiacanada.com\/fr\/wp-json\/wp\/v2\/news\/4252","targetHints":{"allow":["GET"]}}],"collection":[{"href":"https:\/\/www.aiacanada.com\/fr\/wp-json\/wp\/v2\/news"}],"about":[{"href":"https:\/\/www.aiacanada.com\/fr\/wp-json\/wp\/v2\/types\/news"}],"wp:featuredmedia":[{"embeddable":true,"href":"https:\/\/www.aiacanada.com\/fr\/wp-json\/wp\/v2\/media\/4397"}],"wp:attachment":[{"href":"https:\/\/www.aiacanada.com\/fr\/wp-json\/wp\/v2\/media?parent=4252"}],"wp:term":[{"taxonomy":"news-category","embeddable":true,"href":"https:\/\/www.aiacanada.com\/fr\/wp-json\/wp\/v2\/news-category?post=4252"},{"taxonomy":"news-backend-category","embeddable":true,"href":"https:\/\/www.aiacanada.com\/fr\/wp-json\/wp\/v2\/news-backend-category?post=4252"}],"curies":[{"name":"wp","href":"https:\/\/api.w.org\/{rel}","templated":true}]}}