{"id":4270,"date":"2019-12-19T00:00:00","date_gmt":"2019-12-19T05:00:00","guid":{"rendered":"https:\/\/aiacanada.com\/news\/le-gouvernement-federal-rend-publiques-les-lettres-de-mandat-des-ministeres\/"},"modified":"2025-11-04T11:40:23","modified_gmt":"2025-11-04T16:40:23","slug":"le-gouvernement-federal-rend-publiques-les-lettres-de-mandat-des-ministeres","status":"publish","type":"news","link":"https:\/\/www.aiacanada.com\/fr\/nouvelles\/le-gouvernement-federal-rend-publiques-les-lettres-de-mandat-des-ministeres\/","title":{"rendered":"Le gouvernement f\u00e9d\u00e9ral rend publiques les lettres de mandat des minist\u00e8res"},"content":{"rendered":"<p>Le premier ministre Trudeau a rendu publiques les lettres de mandat de ses trente-six ministres composant le Conseil des ministres.<\/p>\n<p>Les lettres de mandat \u00e9noncent les objectifs strat\u00e9giques de chaque minist\u00e8re. Trudeau est un chef de file national en ce qui concerne les lettres de mandat, autrefois tenues secr\u00e8tes, qu\u2019il a rendu publiques en 2015. Depuis, presque chaque province fait de m\u00eame.<\/p>\n<p>Les objectifs strat\u00e9giques suivants indiqu\u00e9s dans les lettres de mandat concernent l\u2019industrie de l\u2019automobile :<\/p>\n<h2><strong>Minist\u00e8re de l\u2019Innovation, des Sciences et de l\u2019Industrie, dirig\u00e9 par Navdeep Bains<\/strong><\/h2>\n<ul>\n<li>Installer jusqu\u2019\u00e0 5 000 bornes de recharge suppl\u00e9mentaires le long de l\u2019autoroute transcanadienne et d\u2019autres grandes voies de circulation.<\/li>\n<li>Se diriger vers l\u2019atteinte des cibles en mati\u00e8re de v\u00e9hicules \u00e0 z\u00e9ro \u00e9mission de 10 % des ventes de v\u00e9hicules l\u00e9gers par ann\u00e9e d\u2019ici 2025, 30 % d\u2019ici 2030 et 100 % d\u2019ici 2040.<\/li>\n<li>Augmenter l\u2019incitatif actuel pour les v\u00e9hicules \u00e0 z\u00e9ro \u00e9mission en offrant une remise de 10 % jusqu\u2019\u00e0 concurrence de 2 000 $ sur l\u2019achat d\u2019un v\u00e9hicule usag\u00e9 \u00e0 z\u00e9ro \u00e9mission.<\/li>\n<li>Continuer d\u2019appuyer les industries traditionnellement fortes du Canada, dont celle de l\u2019automobile, afin d\u2019accro\u00eetre la productivit\u00e9 et l\u2019innovation canadiennes lors de la transition vers une \u00e9conomie faible en carbone.<\/li>\n<\/ul>\n<h2><strong>Minist\u00e8re de l\u2019Emploi, du D\u00e9veloppement de la main-d\u2019\u0153uvre et de l\u2019Inclusion des personnes handicap\u00e9es, dirig\u00e9 par Carla Qualtrough<\/strong><\/h2>\n<ul>\n<li>Cr\u00e9er le Service canadien d\u2019apprentissage afin de permettre aux gens d\u2019acqu\u00e9rir l\u2019exp\u00e9rience de travail dont ils ont besoin pour terminer leur formation \u00e0 temps.<\/li>\n<li>Mettre en \u0153uvre la nouvelle Allocation canadienne pour la formation (un compte bancaire financ\u00e9 par le gouvernement pour l\u2019acquisition de comp\u00e9tences par les travailleurs canadiens).<\/li>\n<li>\u00c9liminer les obstacles afin de faciliter la mobilit\u00e9 de la main-d\u2019\u0153uvre au Canada.<\/li>\n<li>Appuyer la campagne nationale de promotion des m\u00e9tiers sp\u00e9cialis\u00e9s comme premier choix de carri\u00e8re pour les jeunes.<\/li>\n<\/ul>\n<h2><strong>Minist\u00e8re de la Petite Entreprise, de la Promotion des exportations et du Commerce international, dirig\u00e9 par Mary Ng<\/strong><\/h2>\n<ul>\n<li>Accro\u00eetre le soutien des exportateurs.<\/li>\n<li>R\u00e9examiner les programmes de soutien des exportations.<\/li>\n<\/ul>\n<h2><strong>Minist\u00e8re des Finances, dirig\u00e9 par Bill Morneau<\/strong><\/h2>\n<ul>\n<li>R\u00e9duire de 50 % les taux d\u2019imposition des entreprises fabriquant des produits \u00e0 z\u00e9ro \u00e9mission.<\/li>\n<\/ul>\n<h2><strong>Minist\u00e8re de l\u2019Environnement et du Changement climatique, dirig\u00e9 par Jonathan Wilkinson<\/strong><\/h2>\n<ul>\n<li>Faire passer le Canada au r\u00e9sultat z\u00e9ro \u00e9mission nette d\u2019ici 2050.<\/li>\n<li>Faire progresser l\u2019\u00e9limination de la pollution plastique au Canada, notamment en \u00e9laborant des cibles, des normes et des r\u00e8glements nationaux afin que les entreprises fabriquant des produits en plastique ou vendant des articles avec des emballages en plastique soient responsables de la collecte et du recyclage de leurs d\u00e9chets plastiques.<\/li>\n<\/ul>\n<p>Vous aimeriez en savoir plus sur les lettres de mandat? Vous les trouverez ici :<\/p>\n<p>EN: <strong>https:\/\/pm.gc.ca\/en\/mandate-letters<\/strong><\/p>\n<p>FR: <strong><\/strong><\/p>\n","protected":false},"featured_media":4397,"parent":0,"menu_order":0,"template":"","format":"standard","news-category":[62,92,89],"news-backend-category":[],"class_list":["post-4270","news","type-news","status-publish","format-standard","has-post-thumbnail","hentry","news-category-news","news-category-nouvelles","news-category-relations-gouvernementales"],"acf":[],"aioseo_notices":[],"wpml_current_locale":"fr_CA","wpml_translations":[],"_links":{"self":[{"href":"https:\/\/www.aiacanada.com\/fr\/wp-json\/wp\/v2\/news\/4270","targetHints":{"allow":["GET"]}}],"collection":[{"href":"https:\/\/www.aiacanada.com\/fr\/wp-json\/wp\/v2\/news"}],"about":[{"href":"https:\/\/www.aiacanada.com\/fr\/wp-json\/wp\/v2\/types\/news"}],"wp:featuredmedia":[{"embeddable":true,"href":"https:\/\/www.aiacanada.com\/fr\/wp-json\/wp\/v2\/media\/4397"}],"wp:attachment":[{"href":"https:\/\/www.aiacanada.com\/fr\/wp-json\/wp\/v2\/media?parent=4270"}],"wp:term":[{"taxonomy":"news-category","embeddable":true,"href":"https:\/\/www.aiacanada.com\/fr\/wp-json\/wp\/v2\/news-category?post=4270"},{"taxonomy":"news-backend-category","embeddable":true,"href":"https:\/\/www.aiacanada.com\/fr\/wp-json\/wp\/v2\/news-backend-category?post=4270"}],"curies":[{"name":"wp","href":"https:\/\/api.w.org\/{rel}","templated":true}]}}