{"id":4274,"date":"2019-10-28T00:00:00","date_gmt":"2019-10-28T04:00:00","guid":{"rendered":"https:\/\/aiacanada.com\/news\/nous-embauchons-un-coordonnateur-finances-ou-une-coordonnatrice-finances\/"},"modified":"2025-05-20T14:17:26","modified_gmt":"2025-05-20T18:17:26","slug":"nous-embauchons-un-coordonnateur-finances-ou-une-coordonnatrice-finances","status":"publish","type":"news","link":"https:\/\/www.aiacanada.com\/fr\/nouvelles\/nous-embauchons-un-coordonnateur-finances-ou-une-coordonnatrice-finances\/","title":{"rendered":"Nous Embauchons un Coordonnateur, Finances ou une Coordonnatrice, Finances"},"content":{"rendered":"<p>\u00cates-vous le genre \u00e0 conserver tous vos re\u00e7us et savez exactement combien vous avez sur votre compte-ch\u00e8ques? Alors vous \u00eates peut-\u00eatre la personne que nous recherchons.<\/p>\n<h2><strong>\u00c0 propos du poste<\/strong><\/h2>\n<p>En tant que coordonnateur ou coordonnatrice, Finances, vous serez responsable du traitement des paiements entrants et du traitement des ch\u00e8ques. Vous vous assurerez \u00e9galement que les registres financiers soient \u00e0 jour et resterez inform\u00e9s sur les r\u00e9conciliations des divers comptes GL.<\/p>\n<p>Vous travaillerez \u00e9galement en etroite collaboration avec les autres d\u00e9partements de l\u2019AIA Canada en veillant \u00e0 ce que les besoins de leurs comptes d\u00e9biteurs soient satisfaisants et leurs comptes en r\u00e8gle.<\/p>\n<h2><strong>\u00c0 propos de l\u2019AIA Canada<\/strong><\/h2>\n<p>L&#8217;Association des industries de l&#8217;automobile du Canada (AIA Canada) est une association sectorielle nationale sans but lucratif qui repr\u00e9sente les services du march\u00e9 secondaire de l\u2019automobile et les cha\u00eenes d&#8217;approvisionnement.<\/p>\n<p>Lorsque vous vous joignez \u00e0 nous dans nos bureaux du centre-ville d&#8217;Ottawa, vous trouverez un milieu de travail dynamique avec des possibilit\u00e9s de formation et de croissance professionnelle. Vous recevrez un salaire et des avantages sociaux concurrentiels, y compris un plan de REER \u00e0 cotisations \u00e9gales. En plus de vos vacances, vous profiterez \u00e9galement de cong\u00e9s suppl\u00e9mentaires pendant l&#8217;\u00e9t\u00e9, et nous fermons notre bureau entre No\u00ebl et le Nouvel An.<\/p>\n<h2><strong>Appliquez d\u00e8s aujourd\u2019hui<\/strong><\/h2>\n<p>Si vous cherchez \u00e0 changer de vitesse sur votre carri\u00e8re, consultez <strong>la description de poste<\/strong>, et envoyez votre curriculum vitae \u00e0 <a href=\"mailto:didina.kyenge@aiacanada.com\"><strong>didina.kyenge@aiacanada.com<\/strong><\/a><\/p>\n<p><strong>Date limite de demande : 23 janvier 2020<\/strong><\/p>\n<p>Nous remercions tous ceux qui postulent pour le poste, mais seuls les candidats s\u00e9lectionn\u00e9s pour une entrevue seront contact\u00e9s. Nous nous r\u00e9servons le droit de fermer le poste avant la date de cl\u00f4ture indiqu\u00e9e en cas de taux de r\u00e9ponses \u00e9lev\u00e9.<\/p>\n","protected":false},"featured_media":4397,"parent":0,"menu_order":0,"template":"","format":"standard","news-category":[62,92],"news-backend-category":[],"class_list":["post-4274","news","type-news","status-publish","format-standard","has-post-thumbnail","hentry","news-category-news","news-category-nouvelles"],"acf":[],"aioseo_notices":[],"wpml_current_locale":"fr_CA","wpml_translations":[],"_links":{"self":[{"href":"https:\/\/www.aiacanada.com\/fr\/wp-json\/wp\/v2\/news\/4274","targetHints":{"allow":["GET"]}}],"collection":[{"href":"https:\/\/www.aiacanada.com\/fr\/wp-json\/wp\/v2\/news"}],"about":[{"href":"https:\/\/www.aiacanada.com\/fr\/wp-json\/wp\/v2\/types\/news"}],"wp:featuredmedia":[{"embeddable":true,"href":"https:\/\/www.aiacanada.com\/fr\/wp-json\/wp\/v2\/media\/4397"}],"wp:attachment":[{"href":"https:\/\/www.aiacanada.com\/fr\/wp-json\/wp\/v2\/media?parent=4274"}],"wp:term":[{"taxonomy":"news-category","embeddable":true,"href":"https:\/\/www.aiacanada.com\/fr\/wp-json\/wp\/v2\/news-category?post=4274"},{"taxonomy":"news-backend-category","embeddable":true,"href":"https:\/\/www.aiacanada.com\/fr\/wp-json\/wp\/v2\/news-backend-category?post=4274"}],"curies":[{"name":"wp","href":"https:\/\/api.w.org\/{rel}","templated":true}]}}