{"id":4326,"date":"2021-10-12T00:00:00","date_gmt":"2021-10-12T04:00:00","guid":{"rendered":"https:\/\/aiacanada.com\/news\/retour-aux-sources-pour-le-marche-secondaire-pleins-feux-sur-jennifer-fox\/"},"modified":"2022-11-15T17:23:28","modified_gmt":"2022-11-15T22:23:28","slug":"retour-aux-sources-pour-le-marche-secondaire-pleins-feux-sur-jennifer-fox","status":"publish","type":"news","link":"https:\/\/www.aiacanada.com\/fr\/nouvelles\/retour-aux-sources-pour-le-marche-secondaire-pleins-feux-sur-jennifer-fox\/","title":{"rendered":"Retour aux sources pour le march\u00e9 secondaire : Pleins feux sur Jennifer Fox"},"content":{"rendered":"<p>Jennifer Fox a grandi en regardant son p\u00e8re et son grand-p\u00e8re travailler dans le march\u00e9 secondaire de l\u2019automobile. Malgr\u00e9 cela, elle n\u2019a pas n\u00e9cessairement souhait\u00e9 travailler dans l\u2019industrie. Mais avec des opportunit\u00e9s de carri\u00e8re diversifi\u00e9es pouvant s\u2019adapter \u00e0 presque tout le monde, quels que soient ses exp\u00e9riences ou ses int\u00e9r\u00eats, Jennifer a retrouv\u00e9 le chemin du march\u00e9 secondaire.<\/p>\n<p><strong>Jennifer Fox<\/strong><\/p>\n<p>Directrice du marketing et de l\u2019expansion<\/p>\n<p>Auto Electric Service Ltd.<\/p>\n<p>Ann\u00e9es dans l\u2019industrie du march\u00e9 secondaire de l\u2019automobile : 7,5<\/p>\n<h2><strong>Aviez-vous pr\u00e9vu travailler dans le march\u00e9 secondaire de l\u2019automobile? <\/strong><\/h2>\n<p>Puis-je dire oui et non? J\u2019ai grandi tout en \u00e9tant beaucoup expos\u00e9 au march\u00e9 secondaire de l\u2019automobile, car mon p\u00e8re et mon grand-p\u00e8re \u00e9taient tous deux des actionnaires importants et ont \u00e9ventuellement \u00e9t\u00e9 pr\u00e9sidents d\u2019Auto Electric Service Ltd. Durant notre enfance, on nous a toujours dit que ce n\u2019\u00e9tait pas parce qu\u2019ils travaillaient l\u00e0-bas et avaient les r\u00f4les qu\u2019ils occupaient, que mon fr\u00e8re ou moi ferions de m\u00eame. Donc, cela n\u2019a jamais vraiment \u00e9t\u00e9 un facteur pour commencer. Cependant, la boucle est boucl\u00e9e et maintenant, en tant qu\u2019actionnaire moi-m\u00eame, il n\u2019y a nulle part o\u00f9 je pr\u00e9f\u00e9rerais \u00eatre. C\u2019est une industrie tellement dynamique et complexe avec tant de changements, de d\u00e9fis et de potentiel. Je ne me suis jamais ennuy\u00e9e.<\/p>\n<h2><strong>Avez-vous eu un mentor de l\u2019industrie? Si oui, qui et pourquoi?<\/strong><\/h2>\n<p>Je pense que j\u2019ai eu la chance d\u2019avoir de nombreux mentors de l\u2019industrie \u00e0 divers niveaux. J\u2019ai pu grandir en regardant mon grand-p\u00e8re et mon p\u00e8re dans l\u2019entreprise et l\u2019industrie et voir leurs cheminements; ce qui a fonctionn\u00e9 pour eux et ce qui n\u2019a peut-\u00eatre pas si bien fonctionn\u00e9. Je travaille actuellement en \u00e9troite collaboration avec un groupe incroyable de personnes qui ont pass\u00e9 toute leur carri\u00e8re dans le march\u00e9 secondaire et qui partagent volontiers leurs connaissances et leur leadership avec moi.<\/p>\n<p>\u00c0 distance, je suis secr\u00e8tement Mary Barra en ligne. Elle a \u00e9t\u00e9 la premi\u00e8re femme PDG d\u2019un constructeur automobile lorsqu\u2019elle est devenue pr\u00e9sidente et chef de la direction de General Motors.<\/p>\n<h2><strong>Qu\u2019est-ce que votre participation chez le comit\u00e9 des Jeunes professionnels du march\u00e9 secondaire signifie pour vous? Qu\u2019aimeriez-vous que nous accomplissions dans les ann\u00e9es \u00e0 venir en tant que comit\u00e9?<\/strong><\/h2>\n<p>Le comit\u00e9 des JPMS a \u00e9t\u00e9 pour moi une occasion fantastique de non seulement \u00e9tablir des relations dans notre industrie et d\u2019accro\u00eetre mes connaissances, mais aussi d\u2019aider \u00e0 fa\u00e7onner l\u2019avenir de l\u2019industrie gr\u00e2ce \u00e0 des occasions comme la Journ\u00e9e du march\u00e9 secondaire pour les \u00e9tudiants et d\u2019autres initiatives de d\u00e9veloppement \u00e9ducatif.<\/p>\n<h2><strong>Depuis combien de temps \u00eates-vous membre du comit\u00e9 des Jeunes professionnels du march\u00e9 secondaire?<\/strong><\/h2>\n<p>C\u2019est ma premi\u00e8re ann\u00e9e au sein du comit\u00e9 et c\u2019est une exp\u00e9rience fantastique.<\/p>\n<h2><strong>Quels conseils donneriez-vous \u00e0 quelqu\u2019un qui d\u00e9bute dans l\u2019industrie ou qui cherche \u00e0 faire la transition vers l\u2019industrie?<\/strong><\/h2>\n<p>Je dirais allez-y, foncez. L\u2019industrie est si diversifi\u00e9e et offre tellement d\u2019opportunit\u00e9s; peu importe qui vous \u00eates, ce dans quoi vous \u00eates bon et ce que vous voulez faire, il y a plus d\u2019opportunit\u00e9s dans l\u2019industrie automobile que vous ne pensez.<\/p>\n<h2><strong>\u00c0 propos d\u2019Auto Electric Service Ltd.<\/strong><\/h2>\n<p>Auto Electric Service Ltd. and Mainline Fleet Service est le plus grand entrep\u00f4t de pi\u00e8ces automobiles d\u00e9tenu et exploit\u00e9 localement dans le sud de la Saskatchewan. Nous avons commenc\u00e9 \u00e0 faire des affaires \u00e0 Regina en 1943 et nous sommes demeur\u00e9s une entreprise exploit\u00e9e par notre propri\u00e9taire de la r\u00e9gion. L\u2019exp\u00e9rience que nous avons acquise au cours de chacune de nos presque 80 ann\u00e9es d\u2019activit\u00e9 nous aide \u00e0 continuer d\u2019offrir \u00e0 nos clients le meilleur service \u00e0 la client\u00e8le de la province. Nous desservons les march\u00e9s de d\u00e9tail et de gros de l\u2019automobile ainsi que les march\u00e9s sp\u00e9cialis\u00e9s en carrosserie, agriculture et le march\u00e9 industriel avec des magasins dans cinq emplacements en Saskatchewan. Nous sommes un membre actionnaire d\u2019Auto Value et, en tant que groupe, nous croyons que \u00ab le service fait la diff\u00e9rence \u00bb, et cette devise nous accompagne dans tout ce que nous faisons, des r\u00e9parations \u00e0 la livraison de pi\u00e8ces.<\/p>\n<p>En savoir plus sur <a href=\"https:\/\/autoelectricservice.com\/\" target=\"_blank\" rel=\"noopener noreferrer\">les carri\u00e8res chez Auto Electric Service Ltd<\/a>.<\/p>\n<p>____________________________<\/p>\n<h2><strong>\u00c0 propos du comit\u00e9 des Jeunes professionnels du march\u00e9 secondaire<\/strong><\/h2>\n<p>Le comit\u00e9 des Jeunes professionnels du march\u00e9 secondaire (JPMS) de l\u2019Association des industries de l\u2019automobile du Canada (AIA Canada) est compos\u00e9 de membres de la direction du secteur de l\u2019entretien automobile \u00e2g\u00e9s de 45\u202fans et moins. Il a pour mandat de favoriser la croissance et la prosp\u00e9rit\u00e9 de l\u2019industrie du march\u00e9 secondaire.<\/p>\n<p>____________________________<\/p>\n","protected":false},"featured_media":4397,"parent":0,"menu_order":0,"template":"","format":"standard","news-category":[62,92],"news-backend-category":[102,72],"class_list":["post-4326","news","type-news","status-publish","format-standard","has-post-thumbnail","hentry","news-category-news","news-category-nouvelles","news-backend-category-jeunes-professionnels-du-secteur-de-lentretien-et-de-la-reparation-automobile","news-backend-category-young-professionals-in-the-auto-care-sector"],"acf":[],"aioseo_notices":[],"wpml_current_locale":"fr_CA","wpml_translations":[],"_links":{"self":[{"href":"https:\/\/www.aiacanada.com\/fr\/wp-json\/wp\/v2\/news\/4326","targetHints":{"allow":["GET"]}}],"collection":[{"href":"https:\/\/www.aiacanada.com\/fr\/wp-json\/wp\/v2\/news"}],"about":[{"href":"https:\/\/www.aiacanada.com\/fr\/wp-json\/wp\/v2\/types\/news"}],"wp:featuredmedia":[{"embeddable":true,"href":"https:\/\/www.aiacanada.com\/fr\/wp-json\/wp\/v2\/media\/4397"}],"wp:attachment":[{"href":"https:\/\/www.aiacanada.com\/fr\/wp-json\/wp\/v2\/media?parent=4326"}],"wp:term":[{"taxonomy":"news-category","embeddable":true,"href":"https:\/\/www.aiacanada.com\/fr\/wp-json\/wp\/v2\/news-category?post=4326"},{"taxonomy":"news-backend-category","embeddable":true,"href":"https:\/\/www.aiacanada.com\/fr\/wp-json\/wp\/v2\/news-backend-category?post=4326"}],"curies":[{"name":"wp","href":"https:\/\/api.w.org\/{rel}","templated":true}]}}