{"id":4332,"date":"2019-03-28T00:00:00","date_gmt":"2019-03-28T04:00:00","guid":{"rendered":"https:\/\/aiacanada.com\/news\/etre-un-jeune-professionnel-dans-le-marche-secondaire-pleins-feux-sur-patrick-verriet\/"},"modified":"2022-11-15T14:39:47","modified_gmt":"2022-11-15T19:39:47","slug":"etre-un-jeune-professionnel-dans-le-marche-secondaire-pleins-feux-sur-patrick-verriet","status":"publish","type":"news","link":"https:\/\/www.aiacanada.com\/fr\/nouvelles\/etre-un-jeune-professionnel-dans-le-marche-secondaire-pleins-feux-sur-patrick-verriet\/","title":{"rendered":"\u00catre un jeune professionnel dans le march\u00e9 secondaire : Pleins feux sur Patrick Verriet"},"content":{"rendered":"<p>Le profil de Patrick Verriet met en lumi\u00e8re la partie \u00ab jeune \u00bb du comit\u00e9 des Jeunes professionnels du march\u00e9 secondaire (JPMS). Il est le plus jeune membre de son \u00e9quipe, mais ce qui est remarquable, c\u2019est qu\u2019il se tourne d\u00e9j\u00e0 vers l\u2019avenir soit quand il sera le plus \u00e2g\u00e9 de l\u2019\u00e9quipe. Et pour Patrick, le comit\u00e9 des JPMS est essentiel pour s\u2019assurer que notre industrie continue d\u2019attirer de nouveaux talents.<\/p>\n<p><strong>Patrick Verriet<\/strong><\/p>\n<p>Directeur du marketing et des communications<\/p>\n<p>Compagnie : MANN + HUMMEL Filtration Technology<\/p>\n<p>Ann\u00e9es dans le march\u00e9 secondaire de l\u2019industrie automobile : 3<\/p>\n<h2><strong>Depuis combien de temps travaillez-vous dans le march\u00e9 secondaire de l\u2019automobile?<\/strong><\/h2>\n<p>Je pense qu\u2019on me consid\u00e8re encore comme un nouveau joueur dans cette industrie. J\u2019ai pass\u00e9 pr\u00e8s de trois ans dans les ventes au sein du march\u00e9 secondaire de l\u2019automobile, et ce, sans exp\u00e9rience pr\u00e9alable dans cette industrie.<\/p>\n<h2><strong>Que repr\u00e9sente le comit\u00e9 des JPMS pour vous et qu\u2019aimeriez-vous voir le comit\u00e9 r\u00e9aliser \u00e0 l\u2019avenir?<\/strong><\/h2>\n<p>Je pense qu\u2019une participation active dans son industrie est tr\u00e8s importante. Non seulement il est n\u00e9cessaire de garder son entreprise et ses produits vendus visibles, connect\u00e9s et \u00e0 l\u2019avant-garde de l\u2019industrie, mais il est \u00e9galement important de montrer \u00e0 ses clients que l\u2019entreprise est activement impliqu\u00e9e dans l\u2019industrie et investie dans leur entreprise. Le comit\u00e9 des JPMS offrent \u00e9galement un excellent moyen de r\u00e9seauter avec d\u2019autres entreprises du march\u00e9 secondaire.<\/p>\n<p>Enfin, je suis la plus jeune personne de mon \u00e9quipe \u00e0 travers le Canada. Mon succ\u00e8s futur est tributaire de la continuit\u00e9 du succ\u00e8s du march\u00e9 secondaire et une fa\u00e7on d\u2019y parvenir est de veiller \u00e0 ce que nous disposions d\u2019un bassin stable et dynamique de talents soutenant l\u2019industrie du march\u00e9 secondaire.<\/p>\n<h2><strong>Avez-vous eu un mentor de l\u2019industrie?<\/strong><\/h2>\n<p>L\u2019une des premi\u00e8res choses que j\u2019ai r\u00e9alis\u00e9es lorsque j\u2019ai rejoint le march\u00e9 secondaire a \u00e9t\u00e9 l\u2019ampleur des connaissances au sein de l\u2019industrie. Les opportunit\u00e9s de mentorat et d\u2019apprentissage existent et nous devons en profiter.<\/p>\n<p>Si je devais identifier un mentor, ce serait mon p\u00e8re, Bert Verriet. Mon p\u00e8re a pris sa retraite tr\u00e8s r\u00e9cemment apr\u00e8s 34 ans de service, mais les trois derni\u00e8res ann\u00e9es, la p\u00e9riode o\u00f9 j\u2019ai rejoint le march\u00e9 secondaire a \u00e9t\u00e9 g\u00e9niale. Bien que nous travaillions tous les deux dans des domaines diff\u00e9rents pour la m\u00eame entreprise, il \u00e9tait une excellente source de r\u00e9troaction \u00e0 la fois au bureau et \u00e0 l\u2019ext\u00e9rieur.<\/p>\n<h2><strong>\u00c0 propos de MANN + HUMMEL<\/strong><\/h2>\n<p>Le Groupe MANN+HUMMEL est un groupe de fabrication dont le si\u00e8ge social est situ\u00e9 \u00e0 Ludwigsburg, en Allemagne. La soci\u00e9t\u00e9 d\u00e9veloppe, produit et distribue des syst\u00e8mes de filtration des liquides et d\u2019air, des syst\u00e8mes d\u2019admission et des composants de gestion thermique.<\/p>\n<p>En savoir plus sur les <a href=\"file:\/\/\/C:\/Users\/Chlo%C3%83%C2%A9%20Devine%20Drouin\/Downloads\/mann-hummel.com\/en\/jobs-and-career\">carri\u00e8res chez MANN + HUMMEL<\/a>. ____________________________&nbsp;<\/p>\n<h2><strong>\u00c0 propos du comit\u00e9 des Jeunes professionnels du march\u00e9 secondaire<\/strong>&nbsp;<\/h2>\n<p>Le comit\u00e9 des Jeunes professionnels du march\u00e9 secondaire (JPMS) de l\u2019Association des industries de l\u2019automobile du Canada (AIA Canada) est compos\u00e9 de membres de la direction du secteur de l\u2019entretien automobile \u00e2g\u00e9s de 45\u202fans et moins. Il a pour mandat de favoriser la croissance et la prosp\u00e9rit\u00e9 de l\u2019industrie du march\u00e9 secondaire.&nbsp;<\/p>\n<p>____________________________<\/p>\n","protected":false},"featured_media":4397,"parent":0,"menu_order":0,"template":"","format":"standard","news-category":[62,92],"news-backend-category":[102,72],"class_list":["post-4332","news","type-news","status-publish","format-standard","has-post-thumbnail","hentry","news-category-news","news-category-nouvelles","news-backend-category-jeunes-professionnels-du-secteur-de-lentretien-et-de-la-reparation-automobile","news-backend-category-young-professionals-in-the-auto-care-sector"],"acf":[],"aioseo_notices":[],"wpml_current_locale":"fr_CA","wpml_translations":[],"_links":{"self":[{"href":"https:\/\/www.aiacanada.com\/fr\/wp-json\/wp\/v2\/news\/4332","targetHints":{"allow":["GET"]}}],"collection":[{"href":"https:\/\/www.aiacanada.com\/fr\/wp-json\/wp\/v2\/news"}],"about":[{"href":"https:\/\/www.aiacanada.com\/fr\/wp-json\/wp\/v2\/types\/news"}],"wp:featuredmedia":[{"embeddable":true,"href":"https:\/\/www.aiacanada.com\/fr\/wp-json\/wp\/v2\/media\/4397"}],"wp:attachment":[{"href":"https:\/\/www.aiacanada.com\/fr\/wp-json\/wp\/v2\/media?parent=4332"}],"wp:term":[{"taxonomy":"news-category","embeddable":true,"href":"https:\/\/www.aiacanada.com\/fr\/wp-json\/wp\/v2\/news-category?post=4332"},{"taxonomy":"news-backend-category","embeddable":true,"href":"https:\/\/www.aiacanada.com\/fr\/wp-json\/wp\/v2\/news-backend-category?post=4332"}],"curies":[{"name":"wp","href":"https:\/\/api.w.org\/{rel}","templated":true}]}}