{"id":4335,"date":"2022-09-08T00:00:00","date_gmt":"2022-09-08T04:00:00","guid":{"rendered":"https:\/\/aiacanada.com\/news\/de-la-livraison-de-pieces-a-la-prestation-de-conseils-juridiques-pleins-feux-sur-tara-hammer\/"},"modified":"2022-11-15T14:22:01","modified_gmt":"2022-11-15T19:22:01","slug":"de-la-livraison-de-pieces-a-la-prestation-de-conseils-juridiques-pleins-feux-sur-tara-hammer","status":"publish","type":"news","link":"https:\/\/www.aiacanada.com\/fr\/nouvelles\/de-la-livraison-de-pieces-a-la-prestation-de-conseils-juridiques-pleins-feux-sur-tara-hammer\/","title":{"rendered":"De la livraison de pi\u00e8ces \u00e0 la prestation de conseils juridiques : pleins feux sur Tara Hammer"},"content":{"rendered":"<p>Tara Hammer a travaill\u00e9 \u00e0 temps partiel dans le march\u00e9 secondaire de l\u2019automobile pour payer ses \u00e9tudes de droit. La plupart des gens penseraient qu\u2019une fois son dipl\u00f4me en poche, sa carri\u00e8re dans le march\u00e9 secondaire serait termin\u00e9e. D\u00e9trompez-vous. Travaillant aujourd\u2019hui en tant que directrice juridique de Lordco Auto Parts, elle est la preuve vivante que l\u2019industrie du march\u00e9 secondaire offre un plan de carri\u00e8re pour tous, dans une grande vari\u00e9t\u00e9 de domaines.<\/p>\n<p><strong>Tara Hammer<\/strong><br \/>\nDirectrice juridique, Lordco Auto Parts<br \/>\nNombre d\u2019ann\u00e9es dans le march\u00e9 secondaire de l\u2019automobile : 28<\/p>\n<h2><strong>Pour quelle entreprise travaillez-vous actuellement et quel emploi occupez-vous?<\/strong><\/h2>\n<p>Je suis directrice juridique et vice-pr\u00e9sidente, affaires juridiques chez Lordco Auto Parts. J\u2019ai commenc\u00e9 \u00e0 travailler pour Lordco en 1996 en tant que livreuse de pi\u00e8ces. J\u2019ai ensuite travaill\u00e9 au comptoir des pi\u00e8ces pendant quatre ans au cours de mes \u00e9tudes de premier cycle puis, pendant les \u00e9t\u00e9s lors de mes \u00e9tudes de droit, j\u2019ai travaill\u00e9 pour notre fondateur Ed Coates. Apr\u00e8s avoir fait mon stage \u00e0 Victoria, en Colombie-Britannique, je suis revenue chez Lordco en 2007 pour occuper le poste de directrice juridique.<\/p>\n<h2><strong>Quelle \u00e9cole avez-vous fr\u00e9quent\u00e9e? Et quel est votre niveau de scolarit\u00e9?<\/strong><\/h2>\n<p>J\u2019ai fr\u00e9quent\u00e9 l\u2019Universit\u00e9 de Victoria pour mon dipl\u00f4me de premier cycle, un baccalaur\u00e9at en arts avec une majeure en histoire, puis je suis all\u00e9e \u00e0 l\u2019Universit\u00e9 de l\u2019Alberta o\u00f9 j\u2019ai obtenu mon baccalaur\u00e9at en droit (LLB).<\/p>\n<h2><strong>Aviez-vous pr\u00e9vu de travailler dans le march\u00e9 secondaire de l\u2019automobile?<\/strong><\/h2>\n<p>Honn\u00eatement, le dernier endroit o\u00f9 je pensais faire carri\u00e8re \u00e9tait le march\u00e9 secondaire de l\u2019automobile. Je n\u2019ai aucune comp\u00e9tence en m\u00e9canique, mais j\u2019aime faire des recherches, r\u00e9soudre des probl\u00e8mes et traiter avec les clients. Il ne m\u2019a donc pas fallu longtemps pour me rendre compte que je pouvais appliquer ces comp\u00e9tences \u00e0 un certain nombre de postes diff\u00e9rents au sein de notre organisation.<\/p>\n<p>La principale raison pour laquelle je travaille dans le secteur est l\u2019esprit d\u2019\u00e9quipe qui r\u00e8gne chez Lordco; c\u2019est plus une famille \u00e9largie que des coll\u00e8gues. Le march\u00e9 secondaire est tellement dynamique qu\u2019il y a toujours quelque chose d\u2019int\u00e9ressant qui se pr\u00e9sente, comme des avanc\u00e9es technologiques, des changements de r\u00e9glementation ou la pression croissante exerc\u00e9e sur notre main-d\u2019\u0153uvre et nos clients; et la liste est encore longue. Ces d\u00e9fis et nouveaut\u00e9s me permettent de garder un int\u00e9r\u00eat bien vivant pour mon travail.<\/p>\n<h2><strong>Depuis combien de temps faites-vous partie du comit\u00e9 des JPMS?<\/strong><\/h2>\n<p>Je crois que j\u2019ai adh\u00e9r\u00e9 pour la premi\u00e8re fois en 2018.<\/p>\n<h2><strong>Que repr\u00e9sente pour vous votre participation au comit\u00e9 des JPMS?<\/strong><\/h2>\n<p>J\u2019aime vraiment rencontrer des coll\u00e8gues de partout au pays et de diff\u00e9rentes organisations. C\u2019est un environnement extr\u00eamement coll\u00e9gial. Au fil des ans, j\u2019ai nou\u00e9 d\u2019excellentes relations et j\u2019aime voir les membres de mon comit\u00e9 continuer \u00e0 progresser et \u00e0 se d\u00e9velopper dans le secteur.<\/p>\n<h2><strong>Avez-vous eu un mentor de l\u2019industrie? Si oui, qui et pourquoi?<\/strong><\/h2>\n<p>Oui, la personne qui a le plus influenc\u00e9 ma vie professionnelle est Ed Coates, le fondateur de Lordco. Il \u00e9tait si d\u00e9termin\u00e9 et tellement \u00e0 l\u2019\u00e9coute des besoins de son entreprise. Il m\u2019est arriv\u00e9 de sortir d\u2019une r\u00e9union ou d\u2019une conversation en \u00e9tant fascin\u00e9e par son sens des affaires et sa capacit\u00e9 \u00e0 voir dix \u00e9tapes \u00e0 l\u2019avance.<\/p>\n<h2><strong>Quels conseils donneriez-vous aux jeunes \u00e9tudiants ou \u00e0 toute personne qui envisage de faire une transition vers l\u2019industrie du march\u00e9 secondaire de l\u2019automobile?<\/strong><\/h2>\n<p>L\u2019industrie du march\u00e9 secondaire de l\u2019automobile est incroyablement diversifi\u00e9e, il y a tellement de possibilit\u00e9s au-del\u00e0 des r\u00f4les traditionnels. Il y en a pour tous les talents.<\/p>\n<h2><strong>Quelques derni\u00e8res questions amusantes pour mieux vous conna\u00eetre.<\/strong><\/h2>\n<h3><strong>Marque et mod\u00e8le de votre premi\u00e8re voiture?<\/strong><\/h3>\n<p>Honda Prelude 1986 \u2013 un des phares \u00e0 bascule s\u2019est coinc\u00e9 en position relev\u00e9e.<\/p>\n<h3><strong>Qu\u2019aimez-vous beaucoup faire, m\u00eame si vos r\u00e9sultats sont m\u00e9diocres?<\/strong><\/h3>\n<p>La p\u00e2tisserie.<\/p>\n<h3><strong>Collectionnez-vous quelque chose?<\/strong><\/h3>\n<p>Je laisse \u00e7a \u00e0 mon mari, il collectionne tout.<\/p>\n<h3><strong>Quel est le meilleur livre de d\u00e9veloppement professionnel que vous ayez lu?<\/strong><\/h3>\n<p>Je n\u2019ai jamais lu de livre de d\u00e9veloppement professionnel. D\u2019apr\u00e8s mon exp\u00e9rience, \u00e9couter et \u00e9changer avec des personnes que je respecte et admire s\u2019est av\u00e9r\u00e9 beaucoup plus productif.<\/p>\n<h2><strong>\u00c0 propos de Lordco Auto Parts<\/strong><\/h2>\n<p>Les fondateurs Roy Lord et Ed Coates, les \u00ab Lord \u00bb et \u00ab co \u00bb de Lordco Auto Parts, ont ouvert leur premier \u00e9tablissement en 1974 \u00e0 Maple Ridge, en Colombie-Britannique, et ont rapidement acquis la r\u00e9putation de vendre des pi\u00e8ces automobiles de qualit\u00e9 et d\u2019offrir un service \u00e0 la client\u00e8le exceptionnel. Apr\u00e8s des d\u00e9buts modestes avec 900 pieds carr\u00e9s, l\u2019entreprise est devenue le plus grand distributeur priv\u00e9 de pi\u00e8ces automobiles au Canada, et le plus grand distributeur et d\u00e9taillant de pi\u00e8ces de remplacement de l\u2019Ouest canadien.<\/p>\n<p>D\u00e9couvrez les possibilit\u00e9s de carri\u00e8re chez <a href=\"https:\/\/www.lordco.com\/\"><strong>Lordco<\/strong><\/a>.<\/p>\n<p>____________________________<\/p>\n<h2><strong>\u00c0 propos du comit\u00e9 des Jeunes professionnels du march\u00e9 secondaire<\/strong><\/h2>\n<p>Le comit\u00e9 des Jeunes professionnels du march\u00e9 secondaire (JPMS) de l\u2019Association des industries de l\u2019automobile du Canada (AIA Canada) est compos\u00e9 de membres de la direction du secteur de l\u2019entretien automobile \u00e2g\u00e9s de 45 ans et moins. Il a pour mandat de favoriser la croissance et la prosp\u00e9rit\u00e9 de l\u2019industrie du march\u00e9 secondaire.<\/p>\n","protected":false},"featured_media":14050,"parent":0,"menu_order":0,"template":"","format":"standard","news-category":[62,92],"news-backend-category":[102,72],"class_list":["post-4335","news","type-news","status-publish","format-standard","has-post-thumbnail","hentry","news-category-news","news-category-nouvelles","news-backend-category-jeunes-professionnels-du-secteur-de-lentretien-et-de-la-reparation-automobile","news-backend-category-young-professionals-in-the-auto-care-sector"],"acf":[],"aioseo_notices":[],"wpml_current_locale":"fr_CA","wpml_translations":[],"_links":{"self":[{"href":"https:\/\/www.aiacanada.com\/fr\/wp-json\/wp\/v2\/news\/4335","targetHints":{"allow":["GET"]}}],"collection":[{"href":"https:\/\/www.aiacanada.com\/fr\/wp-json\/wp\/v2\/news"}],"about":[{"href":"https:\/\/www.aiacanada.com\/fr\/wp-json\/wp\/v2\/types\/news"}],"wp:featuredmedia":[{"embeddable":true,"href":"https:\/\/www.aiacanada.com\/fr\/wp-json\/wp\/v2\/media\/14050"}],"wp:attachment":[{"href":"https:\/\/www.aiacanada.com\/fr\/wp-json\/wp\/v2\/media?parent=4335"}],"wp:term":[{"taxonomy":"news-category","embeddable":true,"href":"https:\/\/www.aiacanada.com\/fr\/wp-json\/wp\/v2\/news-category?post=4335"},{"taxonomy":"news-backend-category","embeddable":true,"href":"https:\/\/www.aiacanada.com\/fr\/wp-json\/wp\/v2\/news-backend-category?post=4335"}],"curies":[{"name":"wp","href":"https:\/\/api.w.org\/{rel}","templated":true}]}}