{"id":7027,"date":"2022-10-18T19:47:00","date_gmt":"2022-10-18T23:47:00","guid":{"rendered":"https:\/\/aiacanada.com\/?post_type=news&#038;p=7027"},"modified":"2022-11-16T19:52:56","modified_gmt":"2022-11-17T00:52:56","slug":"le-droit-a-la-reparation-sur-la-colline-du-parlement","status":"publish","type":"news","link":"https:\/\/www.aiacanada.com\/fr\/nouvelles\/le-droit-a-la-reparation-sur-la-colline-du-parlement\/","title":{"rendered":"Le droit \u00e0 la r\u00e9paration sur la Colline du Parlement"},"content":{"rendered":"\n<figure class=\"wp-block-image size-large\"><img fetchpriority=\"high\" decoding=\"async\" width=\"1024\" height=\"768\" src=\"https:\/\/aiacanada.com\/wp-content\/uploads\/2022\/11\/hill-day-group-1024x768.jpg\" alt=\"\" class=\"wp-image-7026\" srcset=\"https:\/\/www.aiacanada.com\/wp-content\/uploads\/2022\/11\/hill-day-group-1024x768.jpg 1024w, https:\/\/www.aiacanada.com\/wp-content\/uploads\/2022\/11\/hill-day-group-300x225.jpg 300w, https:\/\/www.aiacanada.com\/wp-content\/uploads\/2022\/11\/hill-day-group-768x576.jpg 768w, https:\/\/www.aiacanada.com\/wp-content\/uploads\/2022\/11\/hill-day-group-1536x1152.jpg 1536w, https:\/\/www.aiacanada.com\/wp-content\/uploads\/2022\/11\/hill-day-group-600x450.jpg 600w, https:\/\/www.aiacanada.com\/wp-content\/uploads\/2022\/11\/hill-day-group.jpg 2048w\" sizes=\"(max-width: 1024px) 100vw, 1024px\" \/><\/figure>\n\n\n\n<p>L\u2019AIA Canada et un groupe de 20 membres provenant de partout au pays ont rencontr\u00e9 ce matin des d\u00e9put\u00e9s et d\u2019autres d\u00e9cideurs politiques pour leur faire part de nos pr\u00e9occupations au sujet du droit \u00e0 la r\u00e9paration et de son impact sur notre secteur.<\/p>\n\n\n\n<p>La journ\u00e9e a d\u00e9but\u00e9 par un d\u00e9jeuner parlementaire, auquel ont assist\u00e9 25 d\u00e9put\u00e9s, et comprenait une table ronde rassemblant tous les partis. Les membres ont ensuite assist\u00e9 \u00e0 des rencontres individuelles avec leurs repr\u00e9sentants locaux pour discuter de cette question en profondeur afin que le gouvernement puisse mieux comprendre l\u2019impact sur l\u2019avenir de notre secteur de 32 milliards de dollars ainsi que sur les moyens de subsistance de milliers de Canadiens qui travaillent fort.<\/p>\n\n\n\n<p><strong>Notre demande d\u2019aujourd\u2019hui aux d\u00e9put\u00e9s \u00e9tait tr\u00e8s pr\u00e9cise<\/strong> : donner aux consommateurs canadiens un choix en mati\u00e8re de r\u00e9paration automobile.<\/p>\n\n\n\n<p>Les constructeurs automobiles doivent partager les donn\u00e9es des v\u00e9hicules avec toute personne choisie par le consommateur, ce qui mettrait fin \u00e0 la pratique actuelle selon laquelle de nombreux constructeurs automobiles rendent l\u2019acc\u00e8s aux informations et aux outils de r\u00e9paration plus difficile, plus co\u00fbteux et parfois impossible.<\/p>\n\n\n\n<figure class=\"wp-block-embed is-type-video is-provider-youtube wp-block-embed-youtube wp-embed-aspect-16-9 wp-has-aspect-ratio\"><div class=\"wp-block-embed__wrapper\">\n<iframe title=\"Right to repair on Parliament Hill | AIA Canada\" width=\"800\" height=\"450\" src=\"https:\/\/www.youtube.com\/embed\/_FsbIJZAeIs?feature=oembed\" frameborder=\"0\" allow=\"accelerometer; autoplay; clipboard-write; encrypted-media; gyroscope; picture-in-picture\" allowfullscreen><\/iframe>\n<\/div><\/figure>\n\n\n\n<h2 class=\"wp-block-heading\"><strong>Comment pouvez-vous aider?<\/strong><\/h2>\n\n\n\n<p>Nous encourageons tous les membres de l\u2019AIA Canada \u00e0 continuer \u00e0 soutenir cette pression mise sur le gouvernement pour un projet de loi sur le droit \u00e0 la r\u00e9paration. Nous serions reconnaissants que vous nous aidiez :<\/p>\n\n\n\n<ul class=\"wp-block-list\"><li>en parlant avec votre d\u00e9put\u00e9 local de l\u2019importance d\u2019une l\u00e9gislation sur le droit \u00e0 la r\u00e9paration (voir notre site Web pour des conseils)<\/li><li>en partageant notre message sur vos canaux de m\u00e9dias sociaux en utilisant #Droit\u00e0LaR\u00e9parationCA, voici un exemple :<\/li><\/ul>\n\n\n\n<blockquote class=\"wp-block-quote is-layout-flow wp-block-quote-is-layout-flow\"><p><strong><em>(\u00e9tiquettez votre d\u00e9put\u00e9) <\/em><\/strong><em>Les consommateurs canadiens devraient avoir le droit de choisir qui r\u00e9pare leur v\u00e9hicule et qui peut acc\u00e9der aux donn\u00e9es pour le faire. Nous soutenons l&#8217;initiative de @AIAofCanada en faveur de la l\u00e9gislation #Droit\u00e0LaR\u00e9parationCA afin de prot\u00e9ger l\u2019industrie de l&#8217;entretien automobile, qui repr\u00e9sente 32 milliards de dollars, et des milliers d&#8217;emplois canadiens.<\/em><\/p><\/blockquote>\n","protected":false},"featured_media":14029,"parent":0,"menu_order":0,"template":"","format":"standard","news-category":[92,89],"news-backend-category":[100],"class_list":["post-7027","news","type-news","status-publish","format-standard","has-post-thumbnail","hentry","news-category-nouvelles","news-category-relations-gouvernementales","news-backend-category-droit-a-la-reparation"],"acf":[],"aioseo_notices":[],"wpml_current_locale":"fr_CA","wpml_translations":[],"_links":{"self":[{"href":"https:\/\/www.aiacanada.com\/fr\/wp-json\/wp\/v2\/news\/7027","targetHints":{"allow":["GET"]}}],"collection":[{"href":"https:\/\/www.aiacanada.com\/fr\/wp-json\/wp\/v2\/news"}],"about":[{"href":"https:\/\/www.aiacanada.com\/fr\/wp-json\/wp\/v2\/types\/news"}],"wp:featuredmedia":[{"embeddable":true,"href":"https:\/\/www.aiacanada.com\/fr\/wp-json\/wp\/v2\/media\/14029"}],"wp:attachment":[{"href":"https:\/\/www.aiacanada.com\/fr\/wp-json\/wp\/v2\/media?parent=7027"}],"wp:term":[{"taxonomy":"news-category","embeddable":true,"href":"https:\/\/www.aiacanada.com\/fr\/wp-json\/wp\/v2\/news-category?post=7027"},{"taxonomy":"news-backend-category","embeddable":true,"href":"https:\/\/www.aiacanada.com\/fr\/wp-json\/wp\/v2\/news-backend-category?post=7027"}],"curies":[{"name":"wp","href":"https:\/\/api.w.org\/{rel}","templated":true}]}}